{"id":1477,"date":"2023-11-11T12:07:15","date_gmt":"2023-11-11T12:07:15","guid":{"rendered":"https:\/\/www.speciamerica.org\/?p=1477"},"modified":"2023-11-11T12:13:35","modified_gmt":"2023-11-11T12:13:35","slug":"cooperation-la-2eme-edition-du-forum-daffaires-et-dinvestissements-cote-divoire-amerique-du-nord-prevue-le-13-novembre-prochain-a-abidjan","status":"publish","type":"post","link":"https:\/\/www.speciamerica.org\/fr\/cooperation-la-2eme-edition-du-forum-daffaires-et-dinvestissements-cote-divoire-amerique-du-nord-prevue-le-13-novembre-prochain-a-abidjan\/","title":{"rendered":"Coop\u00e9ration : la 2\u00e8me \u00e9dition du Forum d&#8217;affaires et d&#8217;investissements C\u00f4te d&#8217;Ivoire-Am\u00e9rique du Nord pr\u00e9vue le 13 novembre prochain \u00e0 Abidjan"},"content":{"rendered":"<div data-elementor-type=\"wp-post\" data-elementor-id=\"1477\" class=\"elementor elementor-1477\">\n\t\t\t\t\t\t<section class=\"elementor-section elementor-top-section elementor-element elementor-element-7e24283d elementor-section-boxed elementor-section-height-default elementor-section-height-default\" data-id=\"7e24283d\" data-element_type=\"section\">\n\t\t\t\t\t\t<div class=\"elementor-container elementor-column-gap-default\">\n\t\t\t\t\t<div class=\"elementor-column elementor-col-100 elementor-top-column elementor-element elementor-element-77bfd4\" data-id=\"77bfd4\" data-element_type=\"column\">\n\t\t\t<div class=\"elementor-widget-wrap elementor-element-populated\">\n\t\t\t\t\t\t<div class=\"elementor-element elementor-element-e36c32c elementor-widget elementor-widget-heading\" data-id=\"e36c32c\" data-element_type=\"widget\" data-widget_type=\"heading.default\">\n\t\t\t\t<div class=\"elementor-widget-container\">\n\t\t\t<style>\/*! elementor - v3.19.0 - 28-02-2024 *\/\n.elementor-heading-title{padding:0;margin:0;line-height:1}.elementor-widget-heading .elementor-heading-title[class*=elementor-size-]>a{color:inherit;font-size:inherit;line-height:inherit}.elementor-widget-heading .elementor-heading-title.elementor-size-small{font-size:15px}.elementor-widget-heading .elementor-heading-title.elementor-size-medium{font-size:19px}.elementor-widget-heading .elementor-heading-title.elementor-size-large{font-size:29px}.elementor-widget-heading .elementor-heading-title.elementor-size-xl{font-size:39px}.elementor-widget-heading .elementor-heading-title.elementor-size-xxl{font-size:59px}<\/style><h2 class=\"elementor-heading-title elementor-size-default\"><h1 style=\"padding: 0px; margin: 0px 0px 30px; border: 0px; font-variant-numeric: inherit; font-variant-east-asian: inherit; font-variant-alternates: inherit; font-variant-position: inherit; font-stretch: inherit; font-size: 30px; line-height: 40px; font-family: PNBold, serif; font-optical-sizing: inherit; font-kerning: inherit; font-feature-settings: inherit; font-variation-settings: inherit; vertical-align: baseline; color: rgb(16, 16, 16); letter-spacing: 0.32px; white-space-collapse: collapse;\">Coop\u00e9ration : La 2\u00e8me \u00e9dition du Forum d'affaires et d'investissements <br>C\u00f4te d'Ivoire-Am\u00e9rique du Nord pr\u00e9vue le 13 novembre prochain \u00e0 Abidjan<\/h1><\/h2>\t\t<\/div>\n\t\t\t\t<\/div>\n\t\t\t\t<div class=\"elementor-element elementor-element-e3ee836 elementor-widget elementor-widget-image\" data-id=\"e3ee836\" data-element_type=\"widget\" data-widget_type=\"image.default\">\n\t\t\t\t<div class=\"elementor-widget-container\">\n\t\t\t<style>\/*! elementor - v3.19.0 - 28-02-2024 *\/\n.elementor-widget-image{text-align:center}.elementor-widget-image a{display:inline-block}.elementor-widget-image a img[src$=\".svg\"]{width:48px}.elementor-widget-image img{vertical-align:middle;display:inline-block}<\/style>\t\t\t\t\t\t\t\t\t\t<img fetchpriority=\"high\" decoding=\"async\" width=\"800\" height=\"533\" src=\"https:\/\/www.speciamerica.org\/wp-content\/uploads\/2023\/11\/ouverture-du-forum-daffaires-et-dinvestissement-cote-divoire-amerique-du-no_1d5r0ex471ji.jpg\" class=\"attachment-large size-large wp-image-1478\" alt=\"\" srcset=\"https:\/\/www.speciamerica.org\/wp-content\/uploads\/2023\/11\/ouverture-du-forum-daffaires-et-dinvestissement-cote-divoire-amerique-du-no_1d5r0ex471ji.jpg 900w, https:\/\/www.speciamerica.org\/wp-content\/uploads\/2023\/11\/ouverture-du-forum-daffaires-et-dinvestissement-cote-divoire-amerique-du-no_1d5r0ex471ji-300x200.jpg 300w, https:\/\/www.speciamerica.org\/wp-content\/uploads\/2023\/11\/ouverture-du-forum-daffaires-et-dinvestissement-cote-divoire-amerique-du-no_1d5r0ex471ji-768x512.jpg 768w, https:\/\/www.speciamerica.org\/wp-content\/uploads\/2023\/11\/ouverture-du-forum-daffaires-et-dinvestissement-cote-divoire-amerique-du-no_1d5r0ex471ji-18x12.jpg 18w\" sizes=\"(max-width: 800px) 100vw, 800px\" \/>\t\t\t\t\t\t\t\t\t\t\t\t\t<\/div>\n\t\t\t\t<\/div>\n\t\t\t\t\t<\/div>\n\t\t<\/div>\n\t\t\t\t\t<\/div>\n\t\t<\/section>\n\t\t\t\t<section class=\"elementor-section elementor-top-section elementor-element elementor-element-5e1491d elementor-section-boxed elementor-section-height-default elementor-section-height-default\" data-id=\"5e1491d\" data-element_type=\"section\">\n\t\t\t\t\t\t<div class=\"elementor-container elementor-column-gap-default\">\n\t\t\t\t\t<div class=\"elementor-column elementor-col-100 elementor-top-column elementor-element elementor-element-8b8b66a\" data-id=\"8b8b66a\" data-element_type=\"column\">\n\t\t\t<div class=\"elementor-widget-wrap elementor-element-populated\">\n\t\t\t\t\t\t<div class=\"elementor-element elementor-element-5ae9ad6 elementor-widget elementor-widget-text-editor\" data-id=\"5ae9ad6\" data-element_type=\"widget\" data-widget_type=\"text-editor.default\">\n\t\t\t\t<div class=\"elementor-widget-container\">\n\t\t\t<style>\/*! elementor - v3.19.0 - 28-02-2024 *\/\n.elementor-widget-text-editor.elementor-drop-cap-view-stacked .elementor-drop-cap{background-color:#69727d;color:#fff}.elementor-widget-text-editor.elementor-drop-cap-view-framed .elementor-drop-cap{color:#69727d;border:3px solid;background-color:transparent}.elementor-widget-text-editor:not(.elementor-drop-cap-view-default) .elementor-drop-cap{margin-top:8px}.elementor-widget-text-editor:not(.elementor-drop-cap-view-default) .elementor-drop-cap-letter{width:1em;height:1em}.elementor-widget-text-editor .elementor-drop-cap{float:left;text-align:center;line-height:1;font-size:50px}.elementor-widget-text-editor .elementor-drop-cap-letter{display:inline-block}<\/style>\t\t\t\t<p><span style=\"color: #101010; font-family: 'Libre Franklin', sans-serif; letter-spacing: 0.32px; text-align: justify; font-weight: var( --e-global-typography-text-font-weight ); font-size: 1rem;\">La deuxi\u00e8me \u00e9dition du forum d&#8217;affaires et d&#8217;investissements C\u00f4te d&#8217;Ivoire-Am\u00e9rique du Nord ( CINAB Forum), \u00e0\u00a0laquelle plusieurs investisseurs am\u00e9ricains et des entreprises ivoiriennes sont attendus,\u00a0est pr\u00e9vue les 13 et 14 novembre 2023 \u00e0\u00a0Abidjan.\u00a0<\/span><\/p>\n<p style=\"padding: 0px; margin-right: 0px; margin-bottom: 0px; margin-left: 0px; border: 0px; font-variant-numeric: inherit; font-variant-east-asian: inherit; font-variant-alternates: inherit; font-variant-position: inherit; font-stretch: inherit; line-height: 26px; font-family: 'Libre Franklin', sans-serif; font-optical-sizing: inherit; font-kerning: inherit; font-feature-settings: inherit; font-variation-settings: inherit; vertical-align: baseline; color: #101010; letter-spacing: 0.32px; text-align: justify;\">\u00a0<\/p>\n<p style=\"padding: 0px; margin-right: 0px; margin-bottom: 0px; margin-left: 0px; border: 0px; font-variant-numeric: inherit; font-variant-east-asian: inherit; font-variant-alternates: inherit; font-variant-position: inherit; font-stretch: inherit; line-height: 26px; font-family: 'Libre Franklin', sans-serif; font-optical-sizing: inherit; font-kerning: inherit; font-feature-settings: inherit; font-variation-settings: inherit; vertical-align: baseline; color: #101010; letter-spacing: 0.32px; text-align: justify;\">Selon Inza Camara, le consul g\u00e9n\u00e9ral de la C\u00f4te d&#8217;Ivoire \u00e0\u00a0New York, ces assises\u00a0ont pour objectif de cr\u00e9er un cadre d\u2019identification de bailleurs de fonds pour le financement de projets prioritaires du Plan National du D\u00e9veloppement (PND 2021-2025) de la C\u00f4te d\u2019Ivoire et du Programme National d&#8217;Investissement Agricole (PNIA), ainsi que des Partenariats Publics Priv\u00e9s (PPP).<\/p>\n<p style=\"padding: 0px; margin-right: 0px; margin-bottom: 0px; margin-left: 0px; border: 0px; font-variant-numeric: inherit; font-variant-east-asian: inherit; font-variant-alternates: inherit; font-variant-position: inherit; font-stretch: inherit; line-height: 26px; font-family: 'Libre Franklin', sans-serif; font-optical-sizing: inherit; font-kerning: inherit; font-feature-settings: inherit; font-variation-settings: inherit; vertical-align: baseline; color: #101010; letter-spacing: 0.32px; text-align: justify;\">\u00a0<\/p>\n<p style=\"padding: 0px; margin-right: 0px; margin-bottom: 0px; margin-left: 0px; border: 0px; font-variant-numeric: inherit; font-variant-east-asian: inherit; font-variant-alternates: inherit; font-variant-position: inherit; font-stretch: inherit; line-height: 26px; font-family: 'Libre Franklin', sans-serif; font-optical-sizing: inherit; font-kerning: inherit; font-feature-settings: inherit; font-variation-settings: inherit; vertical-align: baseline; color: #101010; letter-spacing: 0.32px; text-align: justify;\">&#8221; Ce forum mettra en avant les secteurs d&#8217;investissements cl\u00e9s en C\u00f4te d&#8217;Ivoire, notamment, l\u2019agriculture, la construction d\u2019infrastructures, les importations et les exportations entre la C\u00f4te d&#8217;Ivoire et l&#8217;Am\u00e9rique du Nord&#8221;,\u00a0a expliqu\u00e9 M. Camara dans une note d&#8217;information transmise le vendredi 10 novembre 2023 \u00e0 Abidjan.net.\u00a0<\/p>\n<p style=\"padding: 0px; margin-right: 0px; margin-bottom: 0px; margin-left: 0px; border: 0px; font-variant-numeric: inherit; font-variant-east-asian: inherit; font-variant-alternates: inherit; font-variant-position: inherit; font-stretch: inherit; line-height: 26px; font-family: 'Libre Franklin', sans-serif; font-optical-sizing: inherit; font-kerning: inherit; font-feature-settings: inherit; font-variation-settings: inherit; vertical-align: baseline; color: #101010; letter-spacing: 0.32px; text-align: justify;\">\u00a0<\/p>\n<p style=\"padding: 0px; margin-right: 0px; margin-bottom: 0px; margin-left: 0px; border: 0px; font-variant-numeric: inherit; font-variant-east-asian: inherit; font-variant-alternates: inherit; font-variant-position: inherit; font-stretch: inherit; line-height: 26px; font-family: 'Libre Franklin', sans-serif; font-optical-sizing: inherit; font-kerning: inherit; font-feature-settings: inherit; font-variation-settings: inherit; vertical-align: baseline; color: #101010; letter-spacing: 0.32px; text-align: justify;\">A l&#8217;en croire, cette rencontre, qui entend r\u00e9unir, une quinzaine d&#8217;entreprises nord-am\u00e9ricaines et plusieurs centaines d&#8217;entreprises ivoiriennes, ainsi que des institutions gouvernementales,\u00a0\u00a0<\/p>\n<p style=\"padding: 0px; margin-right: 0px; margin-bottom: 0px; margin-left: 0px; border: 0px; font-variant-numeric: inherit; font-variant-east-asian: inherit; font-variant-alternates: inherit; font-variant-position: inherit; font-stretch: inherit; line-height: 26px; font-family: 'Libre Franklin', sans-serif; font-optical-sizing: inherit; font-kerning: inherit; font-feature-settings: inherit; font-variation-settings: inherit; vertical-align: baseline; color: #101010; letter-spacing: 0.32px; text-align: justify;\">mettra en exergue l\u2019acc\u00e8s au march\u00e9 en C\u00f4te d\u2019Ivoire, le code des march\u00e9s publics, le code g\u00e9n\u00e9ral d\u2019investissements, le code des mines, de l\u2019\u00e9nergie, et l\u2019ensemble des projets en attente de financement.<\/p>\n<p style=\"padding: 0px; margin-right: 0px; margin-bottom: 0px; margin-left: 0px; border: 0px; font-variant-numeric: inherit; font-variant-east-asian: inherit; font-variant-alternates: inherit; font-variant-position: inherit; font-stretch: inherit; line-height: 26px; font-family: 'Libre Franklin', sans-serif; font-optical-sizing: inherit; font-kerning: inherit; font-feature-settings: inherit; font-variation-settings: inherit; vertical-align: baseline; color: #101010; letter-spacing: 0.32px; text-align: justify;\">\u00a0<\/p>\n<p style=\"padding: 0px; margin-right: 0px; margin-bottom: 0px; margin-left: 0px; border: 0px; font-variant-numeric: inherit; font-variant-east-asian: inherit; font-variant-alternates: inherit; font-variant-position: inherit; font-stretch: inherit; line-height: 26px; font-family: 'Libre Franklin', sans-serif; font-optical-sizing: inherit; font-kerning: inherit; font-feature-settings: inherit; font-variation-settings: inherit; vertical-align: baseline; color: #101010; letter-spacing: 0.32px; text-align: justify;\">&#8221; En termes de plus-value, ce forum offrira une visibilit\u00e9 additionnelle des acc\u00e8s aux march\u00e9s de la C\u00f4te d\u2019Ivoire et des pays de l\u2019Am\u00e9rique du Nord. Aussi, et surtout, ce sera l\u2019occasion de concr\u00e9tiser les intentions d&#8217;investissements de 3 milliards de dollars par la signature de M\u00e9morandums d\u2019accords et\/ou de contrats&#8221;, a fait savoir\u00a0M. Camara qui est \u00e9galement d\u00e9l\u00e9gu\u00e9 g\u00e9n\u00e9ral du service de promotion \u00e9conomique de la C\u00f4te d&#8217;Ivoire aux \u00c9tats-Unis, Canada et Mexique ( SPECI).\u00a0<\/p>\n<p style=\"padding: 0px; margin-right: 0px; margin-bottom: 0px; margin-left: 0px; border: 0px; font-variant-numeric: inherit; font-variant-east-asian: inherit; font-variant-alternates: inherit; font-variant-position: inherit; font-stretch: inherit; line-height: 26px; font-family: 'Libre Franklin', sans-serif; font-optical-sizing: inherit; font-kerning: inherit; font-feature-settings: inherit; font-variation-settings: inherit; vertical-align: baseline; color: #101010; letter-spacing: 0.32px; text-align: justify;\">\u00a0<\/p>\n<p style=\"padding: 0px; margin-right: 0px; margin-bottom: 0px; margin-left: 0px; border: 0px; font-variant-numeric: inherit; font-variant-east-asian: inherit; font-variant-alternates: inherit; font-variant-position: inherit; font-stretch: inherit; line-height: 26px; font-family: 'Libre Franklin', sans-serif; font-optical-sizing: inherit; font-kerning: inherit; font-feature-settings: inherit; font-variation-settings: inherit; vertical-align: baseline; color: #101010; letter-spacing: 0.32px; text-align: justify;\">&#8221; Ce forum sera une autre tribune pour mettre en lumi\u00e8re l&#8217;attractivit\u00e9 de l&#8217;\u00e9conomie ivoirienne et les conditions d\u2019acc\u00e8s au march\u00e9 nord-am\u00e9ricain&#8221;, a-t-il ajout\u00e9 invitant les entrepreneurs ivoiriens qui souhaitent resauter avec des acteurs \u00e9conomiques nord-am\u00e9ricains \u00e0 participer \u00e0 cet \u00e9v\u00e8nement.\u00a0<\/p>\n<p style=\"padding: 0px; margin-right: 0px; margin-bottom: 0px; margin-left: 0px; border: 0px; font-variant-numeric: inherit; font-variant-east-asian: inherit; font-variant-alternates: inherit; font-variant-position: inherit; font-stretch: inherit; line-height: 26px; font-family: 'Libre Franklin', sans-serif; font-optical-sizing: inherit; font-kerning: inherit; font-feature-settings: inherit; font-variation-settings: inherit; vertical-align: baseline; color: #101010; letter-spacing: 0.32px; text-align: justify;\">\u00a0<\/p>\n<p style=\"padding: 0px; margin-right: 0px; margin-bottom: 0px; margin-left: 0px; border: 0px; font-variant-numeric: inherit; font-variant-east-asian: inherit; font-variant-alternates: inherit; font-variant-position: inherit; font-stretch: inherit; line-height: 26px; font-family: 'Libre Franklin', sans-serif; font-optical-sizing: inherit; font-kerning: inherit; font-feature-settings: inherit; font-variation-settings: inherit; vertical-align: baseline; color: #101010; letter-spacing: 0.32px; text-align: justify;\">Auparavant,\u00a0M. Camara a fait le bilan de la premi\u00e8re \u00e9dition du CINAB Forum qui s&#8217;est tenue du 11 au 12 novembre 2021 indiquant que les objectifs ont \u00e9t\u00e9 atteints.\u00a0<\/p>\n<p style=\"padding: 0px; margin-right: 0px; margin-bottom: 0px; margin-left: 0px; border: 0px; font-variant-numeric: inherit; font-variant-east-asian: inherit; font-variant-alternates: inherit; font-variant-position: inherit; font-stretch: inherit; line-height: 26px; font-family: 'Libre Franklin', sans-serif; font-optical-sizing: inherit; font-kerning: inherit; font-feature-settings: inherit; font-variation-settings: inherit; vertical-align: baseline; color: #101010; letter-spacing: 0.32px; text-align: justify;\">\u00a0<\/p>\n<p style=\"padding: 0px; margin-right: 0px; margin-bottom: 0px; margin-left: 0px; border: 0px; font-variant-numeric: inherit; font-variant-east-asian: inherit; font-variant-alternates: inherit; font-variant-position: inherit; font-stretch: inherit; line-height: 26px; font-family: 'Libre Franklin', sans-serif; font-optical-sizing: inherit; font-kerning: inherit; font-feature-settings: inherit; font-variation-settings: inherit; vertical-align: baseline; color: #101010; letter-spacing: 0.32px; text-align: justify;\">&#8221; Deux m\u00e9morandums d&#8217;accord ont \u00e9t\u00e9 sign\u00e9s entre partenaires priv\u00e9s pour la construction de 15 000 et 20 000 logements. Ces projets permettent de r\u00e9duire le d\u00e9ficit de logements en C\u00f4te d\u2019Ivoire estim\u00e9 selon nos sources \u00e0 600 000 avec une augmentation annuelle de 10%&#8221;, a-t-il\u00a0rappel\u00e9.<\/p>\n<p style=\"padding: 0px; margin-right: 0px; margin-bottom: 0px; margin-left: 0px; border: 0px; font-variant-numeric: inherit; font-variant-east-asian: inherit; font-variant-alternates: inherit; font-variant-position: inherit; font-stretch: inherit; line-height: 26px; font-family: 'Libre Franklin', sans-serif; font-optical-sizing: inherit; font-kerning: inherit; font-feature-settings: inherit; font-variation-settings: inherit; vertical-align: baseline; color: #101010; letter-spacing: 0.32px; text-align: justify;\">\u00a0<\/p>\n<p style=\"padding: 0px; margin-right: 0px; margin-bottom: 0px; margin-left: 0px; border: 0px; font-variant-numeric: inherit; font-variant-east-asian: inherit; font-variant-alternates: inherit; font-variant-position: inherit; font-stretch: inherit; line-height: 26px; font-family: 'Libre Franklin', sans-serif; font-optical-sizing: inherit; font-kerning: inherit; font-feature-settings: inherit; font-variation-settings: inherit; vertical-align: baseline; color: #101010; letter-spacing: 0.32px; text-align: justify;\">Le Forum d\u2019Affaires et d\u2019Investissements C\u00f4te d\u2019Ivoire-Am\u00e9rique du Nord (CINAB Forum) est une initiative du Service de Promotion \u00c9conomique de la C\u00f4te d\u2019Ivoire aux \u00c9tats-Unis, au Canada et au Mexique (SPECI), en partenariat avec le minist\u00e8re des Affaires \u00c9trang\u00e8res, de l\u2019Int\u00e9gration Africaine et des Ivoiriens de l\u2019Ext\u00e9rieur, le minist\u00e8re de l\u2019\u00c9conomie, du Plan et du D\u00e9veloppement, la Chambre de Commerce et d\u2019Industrie de C\u00f4te d\u2019Ivoire, et la Chambre de Commerce am\u00e9ricaine en C\u00f4te d\u2019Ivoire.\u00a0<\/p>\n<p style=\"padding: 0px; margin-right: 0px; margin-bottom: 0px; margin-left: 0px; border: 0px; font-variant-numeric: inherit; font-variant-east-asian: inherit; font-variant-alternates: inherit; font-variant-position: inherit; font-stretch: inherit; line-height: 26px; font-family: 'Libre Franklin', sans-serif; font-optical-sizing: inherit; font-kerning: inherit; font-feature-settings: inherit; font-variation-settings: inherit; vertical-align: baseline; color: #101010; letter-spacing: 0.32px; text-align: justify;\">\u00a0<\/p>\n<p style=\"padding: 0px; margin-right: 0px; margin-bottom: 0px; margin-left: 0px; border: 0px; font-variant-numeric: inherit; font-variant-east-asian: inherit; font-variant-alternates: inherit; font-variant-position: inherit; font-stretch: inherit; line-height: 26px; font-family: 'Libre Franklin', sans-serif; font-optical-sizing: inherit; font-kerning: inherit; font-feature-settings: inherit; font-variation-settings: inherit; vertical-align: baseline; color: #101010; letter-spacing: 0.32px; text-align: justify;\">Le SPECI est une institution qui a \u00e9t\u00e9 cr\u00e9\u00e9e en 2012 par le pr\u00e9sident ivoirien Alassane Ouattara pour booster les relations \u00e9conomiques et commerciales entre la C\u00f4te d&#8217;Ivoire et l\u2019Am\u00e9rique du Nord.\u00a0<\/p>\n<p style=\"padding: 0px; margin-right: 0px; margin-bottom: 0px; margin-left: 0px; border: 0px; font-variant-numeric: inherit; font-variant-east-asian: inherit; font-variant-alternates: inherit; font-variant-position: inherit; font-stretch: inherit; line-height: 26px; font-family: 'Libre Franklin', sans-serif; font-optical-sizing: inherit; font-kerning: inherit; font-feature-settings: inherit; font-variation-settings: inherit; vertical-align: baseline; color: #101010; letter-spacing: 0.32px; text-align: justify;\">\u00a0<\/p>\n<p style=\"padding: 0px; margin-right: 0px; margin-bottom: 0px; margin-left: 0px; border: 0px; font-variant-numeric: inherit; font-variant-east-asian: inherit; font-variant-alternates: inherit; font-variant-position: inherit; font-stretch: inherit; line-height: 26px; font-family: 'Libre Franklin', sans-serif; font-optical-sizing: inherit; font-kerning: inherit; font-feature-settings: inherit; font-variation-settings: inherit; vertical-align: baseline; color: #101010; letter-spacing: 0.32px; text-align: justify;\">L.Barro<\/p>\t\t\t\t\t\t<\/div>\n\t\t\t\t<\/div>\n\t\t\t\t\t<\/div>\n\t\t<\/div>\n\t\t\t\t\t<\/div>\n\t\t<\/section>\n\t\t\t\t<section class=\"elementor-section elementor-top-section elementor-element elementor-element-84fad82 elementor-section-boxed elementor-section-height-default elementor-section-height-default\" data-id=\"84fad82\" data-element_type=\"section\">\n\t\t\t\t\t\t<div class=\"elementor-container elementor-column-gap-default\">\n\t\t\t\t\t<div class=\"elementor-column elementor-col-100 elementor-top-column elementor-element elementor-element-2bae56c\" data-id=\"2bae56c\" data-element_type=\"column\">\n\t\t\t<div class=\"elementor-widget-wrap\">\n\t\t\t\t\t\t\t<\/div>\n\t\t<\/div>\n\t\t\t\t\t<\/div>\n\t\t<\/section>\n\t\t\t\t<\/div>","protected":false},"excerpt":{"rendered":"<p>Coop\u00e9ration : La 2\u00e8me \u00e9dition du Forum d&#8217;affaires et d&#8217;investissements C\u00f4te d&#8217;Ivoire-Am\u00e9rique du Nord pr\u00e9vue le 13 novembre prochain \u00e0 Abidjan La deuxi\u00e8me \u00e9dition du forum d&#8217;affaires et d&#8217;investissements C\u00f4te d&#8217;Ivoire-Am\u00e9rique du Nord ( CINAB Forum), \u00e0\u00a0laquelle plusieurs investisseurs am\u00e9ricains et des entreprises ivoiriennes sont attendus,\u00a0est pr\u00e9vue les 13 et 14 novembre 2023 \u00e0\u00a0Abidjan. Selon [&hellip;]<\/p>","protected":false},"author":3,"featured_media":1478,"comment_status":"closed","ping_status":"closed","sticky":false,"template":"","format":"standard","meta":{"footnotes":""},"categories":[1],"tags":[],"_links":{"self":[{"href":"https:\/\/www.speciamerica.org\/fr\/wp-json\/wp\/v2\/posts\/1477"}],"collection":[{"href":"https:\/\/www.speciamerica.org\/fr\/wp-json\/wp\/v2\/posts"}],"about":[{"href":"https:\/\/www.speciamerica.org\/fr\/wp-json\/wp\/v2\/types\/post"}],"author":[{"embeddable":true,"href":"https:\/\/www.speciamerica.org\/fr\/wp-json\/wp\/v2\/users\/3"}],"replies":[{"embeddable":true,"href":"https:\/\/www.speciamerica.org\/fr\/wp-json\/wp\/v2\/comments?post=1477"}],"version-history":[{"count":4,"href":"https:\/\/www.speciamerica.org\/fr\/wp-json\/wp\/v2\/posts\/1477\/revisions"}],"predecessor-version":[{"id":1482,"href":"https:\/\/www.speciamerica.org\/fr\/wp-json\/wp\/v2\/posts\/1477\/revisions\/1482"}],"wp:featuredmedia":[{"embeddable":true,"href":"https:\/\/www.speciamerica.org\/fr\/wp-json\/wp\/v2\/media\/1478"}],"wp:attachment":[{"href":"https:\/\/www.speciamerica.org\/fr\/wp-json\/wp\/v2\/media?parent=1477"}],"wp:term":[{"taxonomy":"category","embeddable":true,"href":"https:\/\/www.speciamerica.org\/fr\/wp-json\/wp\/v2\/categories?post=1477"},{"taxonomy":"post_tag","embeddable":true,"href":"https:\/\/www.speciamerica.org\/fr\/wp-json\/wp\/v2\/tags?post=1477"}],"curies":[{"name":"wp","href":"https:\/\/api.w.org\/{rel}","templated":true}]}}