{"id":1362,"date":"2023-10-02T18:51:02","date_gmt":"2023-10-02T18:51:02","guid":{"rendered":"https:\/\/www.speciamerica.org\/?p=1362"},"modified":"2023-10-02T18:51:57","modified_gmt":"2023-10-02T18:51:57","slug":"s-e-m-kandia-camara-ministre-detat-offre-du-materiel-medical-dune-valeur-de-700-millions-de-fcfa-au-chr-dabobo-le-14-aout-2023","status":"publish","type":"post","link":"https:\/\/www.speciamerica.org\/fr\/s-e-m-kandia-camara-ministre-detat-offre-du-materiel-medical-dune-valeur-de-700-millions-de-fcfa-au-chr-dabobo-le-14-aout-2023\/","title":{"rendered":"S.E.M Kandia Camara, Ministre d&#8217;Etat offre du mat\u00e9riel m\u00e9dical\u00a0d&#8217;une valeur de 700 millions de FCFA au CHR d&#8217;Abobo le 14 Ao\u00fbt\u00a02023"},"content":{"rendered":"<div data-elementor-type=\"wp-post\" data-elementor-id=\"1362\" class=\"elementor elementor-1362\">\n\t\t\t\t\t\t<section class=\"elementor-section elementor-top-section elementor-element elementor-element-05e1bed elementor-section-boxed elementor-section-height-default elementor-section-height-default\" data-id=\"05e1bed\" data-element_type=\"section\">\n\t\t\t\t\t\t<div class=\"elementor-container elementor-column-gap-default\">\n\t\t\t\t\t<div class=\"elementor-column elementor-col-100 elementor-top-column elementor-element elementor-element-7ecc0b2\" data-id=\"7ecc0b2\" data-element_type=\"column\">\n\t\t\t<div class=\"elementor-widget-wrap elementor-element-populated\">\n\t\t\t\t\t\t<div class=\"elementor-element elementor-element-0eb3647 elementor-widget elementor-widget-page-title\" data-id=\"0eb3647\" data-element_type=\"widget\" data-settings=\"{&quot;align&quot;:&quot;justify&quot;}\" data-widget_type=\"page-title.default\">\n\t\t\t\t<div class=\"elementor-widget-container\">\n\t\t\t\t\t\n\t\t<div class=\"hfe-page-title hfe-page-title-wrapper elementor-widget-heading\">\n\n\t\t\t\t\t\t\t\t\t\t\t<a href=\"https:\/\/www.speciamerica.org\/fr\">\n\t\t\t\t\t\t<h2 class=\"elementor-heading-title elementor-size-default\">\n\t\t\t\t\t\t\t\t\n\t\t\t\tS.E.M Kandia Camara, Ministre d&#8217;Etat offre du mat\u00e9riel m\u00e9dical\u00a0d&#8217;une valeur de 700 millions de FCFA au CHR d&#8217;Abobo le 14 Ao\u00fbt\u00a02023  \n\t\t\t<\/h2> \n\t\t\t\t\t\t\t\t\t<\/a>\n\t\t\t\t\t<\/div>\n\t\t\t\t<\/div>\n\t\t\t\t<\/div>\n\t\t\t\t\t<\/div>\n\t\t<\/div>\n\t\t\t\t\t<\/div>\n\t\t<\/section>\n\t\t\t\t<section class=\"elementor-section elementor-top-section elementor-element elementor-element-8dc54b8 elementor-section-boxed elementor-section-height-default elementor-section-height-default\" data-id=\"8dc54b8\" data-element_type=\"section\">\n\t\t\t\t\t\t<div class=\"elementor-container elementor-column-gap-default\">\n\t\t\t\t\t<div class=\"elementor-column elementor-col-100 elementor-top-column elementor-element elementor-element-b356fdc\" data-id=\"b356fdc\" data-element_type=\"column\">\n\t\t\t<div class=\"elementor-widget-wrap elementor-element-populated\">\n\t\t\t\t\t\t<div class=\"elementor-element elementor-element-a9b64d2 elementor-widget elementor-widget-image\" data-id=\"a9b64d2\" data-element_type=\"widget\" data-widget_type=\"image.default\">\n\t\t\t\t<div class=\"elementor-widget-container\">\n\t\t\t<style>\/*! elementor - v3.19.0 - 28-02-2024 *\/\n.elementor-widget-image{text-align:center}.elementor-widget-image a{display:inline-block}.elementor-widget-image a img[src$=\".svg\"]{width:48px}.elementor-widget-image img{vertical-align:middle;display:inline-block}<\/style>\t\t\t\t\t\t\t\t\t\t<img fetchpriority=\"high\" decoding=\"async\" width=\"800\" height=\"534\" src=\"https:\/\/www.speciamerica.org\/wp-content\/uploads\/2023\/10\/PHOTO-2023-08-15-12-26-51-1024x683.jpg\" class=\"attachment-large size-large wp-image-1381\" alt=\"\" srcset=\"https:\/\/www.speciamerica.org\/wp-content\/uploads\/2023\/10\/PHOTO-2023-08-15-12-26-51-1024x683.jpg 1024w, https:\/\/www.speciamerica.org\/wp-content\/uploads\/2023\/10\/PHOTO-2023-08-15-12-26-51-300x200.jpg 300w, https:\/\/www.speciamerica.org\/wp-content\/uploads\/2023\/10\/PHOTO-2023-08-15-12-26-51-768x512.jpg 768w, https:\/\/www.speciamerica.org\/wp-content\/uploads\/2023\/10\/PHOTO-2023-08-15-12-26-51-18x12.jpg 18w, https:\/\/www.speciamerica.org\/wp-content\/uploads\/2023\/10\/PHOTO-2023-08-15-12-26-51.jpg 1080w\" sizes=\"(max-width: 800px) 100vw, 800px\" \/>\t\t\t\t\t\t\t\t\t\t\t\t\t<\/div>\n\t\t\t\t<\/div>\n\t\t\t\t<div class=\"elementor-element elementor-element-1ca1573 elementor-widget elementor-widget-image-gallery\" data-id=\"1ca1573\" data-element_type=\"widget\" data-widget_type=\"image-gallery.default\">\n\t\t\t\t<div class=\"elementor-widget-container\">\n\t\t\t<style>\/*! elementor - v3.19.0 - 28-02-2024 *\/\n.elementor-image-gallery .gallery-item{display:inline-block;text-align:center;vertical-align:top;width:100%;max-width:100%;margin:0 auto}.elementor-image-gallery .gallery-item img{margin:0 auto}.elementor-image-gallery .gallery-item .gallery-caption{margin:0}.elementor-image-gallery figure img{display:block}.elementor-image-gallery figure figcaption{width:100%}.gallery-spacing-custom .elementor-image-gallery .gallery-icon{padding:0}@media (min-width:768px){.elementor-image-gallery .gallery-columns-2 .gallery-item{max-width:50%}.elementor-image-gallery .gallery-columns-3 .gallery-item{max-width:33.33%}.elementor-image-gallery .gallery-columns-4 .gallery-item{max-width:25%}.elementor-image-gallery .gallery-columns-5 .gallery-item{max-width:20%}.elementor-image-gallery .gallery-columns-6 .gallery-item{max-width:16.666%}.elementor-image-gallery .gallery-columns-7 .gallery-item{max-width:14.28%}.elementor-image-gallery .gallery-columns-8 .gallery-item{max-width:12.5%}.elementor-image-gallery .gallery-columns-9 .gallery-item{max-width:11.11%}.elementor-image-gallery .gallery-columns-10 .gallery-item{max-width:10%}}@media (min-width:480px) and (max-width:767px){.elementor-image-gallery .gallery.gallery-columns-2 .gallery-item,.elementor-image-gallery .gallery.gallery-columns-3 .gallery-item,.elementor-image-gallery .gallery.gallery-columns-4 .gallery-item,.elementor-image-gallery .gallery.gallery-columns-5 .gallery-item,.elementor-image-gallery .gallery.gallery-columns-6 .gallery-item,.elementor-image-gallery .gallery.gallery-columns-7 .gallery-item,.elementor-image-gallery .gallery.gallery-columns-8 .gallery-item,.elementor-image-gallery .gallery.gallery-columns-9 .gallery-item,.elementor-image-gallery .gallery.gallery-columns-10 .gallery-item{max-width:50%}}@media (max-width:479px){.elementor-image-gallery .gallery.gallery-columns-2 .gallery-item,.elementor-image-gallery .gallery.gallery-columns-3 .gallery-item,.elementor-image-gallery .gallery.gallery-columns-4 .gallery-item,.elementor-image-gallery .gallery.gallery-columns-5 .gallery-item,.elementor-image-gallery .gallery.gallery-columns-6 .gallery-item,.elementor-image-gallery .gallery.gallery-columns-7 .gallery-item,.elementor-image-gallery .gallery.gallery-columns-8 .gallery-item,.elementor-image-gallery .gallery.gallery-columns-9 .gallery-item,.elementor-image-gallery .gallery.gallery-columns-10 .gallery-item{max-width:100%}}<\/style>\t\t<div class=\"elementor-image-gallery\">\n\t\t\t<div id='gallery-1' class='gallery galleryid-1362 gallery-columns-4 gallery-size-thumbnail'><figure class='gallery-item'>\n\t\t\t<div class='gallery-icon landscape'>\n\t\t\t\t<a data-elementor-open-lightbox=\"yes\" data-elementor-lightbox-slideshow=\"1ca1573\" data-elementor-lightbox-title=\"S.E.M Kandia Camara, Ministre d&#039;Etat offre du mat\u00e9riel m\u00e9dical d&#039;une valeur de 700 millions de FCFA au CHR d&#039;Abobo le 14 Ao\u00fbt 2023\" data-e-action-hash=\"#elementor-action%3Aaction%3Dlightbox%26settings%3DeyJpZCI6MTM4MSwidXJsIjoiaHR0cHM6XC9cL3d3dy5zcGVjaWFtZXJpY2Eub3JnXC93cC1jb250ZW50XC91cGxvYWRzXC8yMDIzXC8xMFwvUEhPVE8tMjAyMy0wOC0xNS0xMi0yNi01MS5qcGciLCJzbGlkZXNob3ciOiIxY2ExNTczIn0%3D\" href='https:\/\/www.speciamerica.org\/wp-content\/uploads\/2023\/10\/PHOTO-2023-08-15-12-26-51.jpg'><img width=\"150\" height=\"150\" src=\"https:\/\/www.speciamerica.org\/wp-content\/uploads\/2023\/10\/PHOTO-2023-08-15-12-26-51-150x150.jpg\" class=\"attachment-thumbnail size-thumbnail\" alt=\"\" decoding=\"async\" aria-describedby=\"gallery-1-1381\" srcset=\"https:\/\/www.speciamerica.org\/wp-content\/uploads\/2023\/10\/PHOTO-2023-08-15-12-26-51-150x150.jpg 150w, https:\/\/www.speciamerica.org\/wp-content\/uploads\/2023\/10\/PHOTO-2023-08-15-12-26-51-250x250.jpg 250w\" sizes=\"(max-width: 150px) 100vw, 150px\" \/><\/a>\n\t\t\t<\/div>\n\t\t\t\t<figcaption class='wp-caption-text gallery-caption' id='gallery-1-1381'>\n\t\t\t\tS.E.M Kandia Camara, Ministre d&#8217;Etat offre du mat\u00e9riel m\u00e9dical d&#8217;une valeur de 700 millions de FCFA au CHR d&#8217;Abobo le 14 Ao\u00fbt 2023\n\t\t\t\t<\/figcaption><\/figure><figure class='gallery-item'>\n\t\t\t<div class='gallery-icon landscape'>\n\t\t\t\t<a data-elementor-open-lightbox=\"yes\" data-elementor-lightbox-slideshow=\"1ca1573\" data-elementor-lightbox-title=\"PHOTO-2023-08-15-12-26-50\" data-e-action-hash=\"#elementor-action%3Aaction%3Dlightbox%26settings%3DeyJpZCI6MTM4MCwidXJsIjoiaHR0cHM6XC9cL3d3dy5zcGVjaWFtZXJpY2Eub3JnXC93cC1jb250ZW50XC91cGxvYWRzXC8yMDIzXC8xMFwvUEhPVE8tMjAyMy0wOC0xNS0xMi0yNi01MC5qcGciLCJzbGlkZXNob3ciOiIxY2ExNTczIn0%3D\" href='https:\/\/www.speciamerica.org\/wp-content\/uploads\/2023\/10\/PHOTO-2023-08-15-12-26-50.jpg'><img width=\"150\" height=\"150\" src=\"https:\/\/www.speciamerica.org\/wp-content\/uploads\/2023\/10\/PHOTO-2023-08-15-12-26-50-150x150.jpg\" class=\"attachment-thumbnail size-thumbnail\" alt=\"\" decoding=\"async\" aria-describedby=\"gallery-1-1380\" srcset=\"https:\/\/www.speciamerica.org\/wp-content\/uploads\/2023\/10\/PHOTO-2023-08-15-12-26-50-150x150.jpg 150w, https:\/\/www.speciamerica.org\/wp-content\/uploads\/2023\/10\/PHOTO-2023-08-15-12-26-50-250x250.jpg 250w\" sizes=\"(max-width: 150px) 100vw, 150px\" \/><\/a>\n\t\t\t<\/div>\n\t\t\t\t<figcaption class='wp-caption-text gallery-caption' id='gallery-1-1380'>\n\t\t\t\tS.E.M Kandia Camara, Ministre d&#8217;Etat offre du mat\u00e9riel m\u00e9dical d&#8217;une valeur de 700 millions de FCFA au CHR d&#8217;Abobo le 14 Ao\u00fbt 2023\n\t\t\t\t<\/figcaption><\/figure><figure class='gallery-item'>\n\t\t\t<div class='gallery-icon landscape'>\n\t\t\t\t<a data-elementor-open-lightbox=\"yes\" data-elementor-lightbox-slideshow=\"1ca1573\" data-elementor-lightbox-title=\"PHOTO-2023-08-15-12-26-49_1\" data-e-action-hash=\"#elementor-action%3Aaction%3Dlightbox%26settings%3DeyJpZCI6MTM3OSwidXJsIjoiaHR0cHM6XC9cL3d3dy5zcGVjaWFtZXJpY2Eub3JnXC93cC1jb250ZW50XC91cGxvYWRzXC8yMDIzXC8xMFwvUEhPVE8tMjAyMy0wOC0xNS0xMi0yNi00OV8xLmpwZyIsInNsaWRlc2hvdyI6IjFjYTE1NzMifQ%3D%3D\" href='https:\/\/www.speciamerica.org\/wp-content\/uploads\/2023\/10\/PHOTO-2023-08-15-12-26-49_1.jpg'><img loading=\"lazy\" width=\"150\" height=\"150\" src=\"https:\/\/www.speciamerica.org\/wp-content\/uploads\/2023\/10\/PHOTO-2023-08-15-12-26-49_1-150x150.jpg\" class=\"attachment-thumbnail size-thumbnail\" alt=\"\" decoding=\"async\" aria-describedby=\"gallery-1-1379\" srcset=\"https:\/\/www.speciamerica.org\/wp-content\/uploads\/2023\/10\/PHOTO-2023-08-15-12-26-49_1-150x150.jpg 150w, https:\/\/www.speciamerica.org\/wp-content\/uploads\/2023\/10\/PHOTO-2023-08-15-12-26-49_1-250x250.jpg 250w\" sizes=\"(max-width: 150px) 100vw, 150px\" \/><\/a>\n\t\t\t<\/div>\n\t\t\t\t<figcaption class='wp-caption-text gallery-caption' id='gallery-1-1379'>\n\t\t\t\tS.E.M Kandia Camara, Ministre d&#8217;Etat offre du mat\u00e9riel m\u00e9dical d&#8217;une valeur de 700 millions de FCFA au CHR d&#8217;Abobo le 14 Ao\u00fbt 2023\n\t\t\t\t<\/figcaption><\/figure><figure class='gallery-item'>\n\t\t\t<div class='gallery-icon landscape'>\n\t\t\t\t<a data-elementor-open-lightbox=\"yes\" data-elementor-lightbox-slideshow=\"1ca1573\" data-elementor-lightbox-title=\"PHOTO-2023-08-15-12-26-49\" data-e-action-hash=\"#elementor-action%3Aaction%3Dlightbox%26settings%3DeyJpZCI6MTM3OCwidXJsIjoiaHR0cHM6XC9cL3d3dy5zcGVjaWFtZXJpY2Eub3JnXC93cC1jb250ZW50XC91cGxvYWRzXC8yMDIzXC8xMFwvUEhPVE8tMjAyMy0wOC0xNS0xMi0yNi00OS5qcGciLCJzbGlkZXNob3ciOiIxY2ExNTczIn0%3D\" href='https:\/\/www.speciamerica.org\/wp-content\/uploads\/2023\/10\/PHOTO-2023-08-15-12-26-49.jpg'><img loading=\"lazy\" width=\"150\" height=\"150\" src=\"https:\/\/www.speciamerica.org\/wp-content\/uploads\/2023\/10\/PHOTO-2023-08-15-12-26-49-150x150.jpg\" class=\"attachment-thumbnail size-thumbnail\" alt=\"\" decoding=\"async\" aria-describedby=\"gallery-1-1378\" srcset=\"https:\/\/www.speciamerica.org\/wp-content\/uploads\/2023\/10\/PHOTO-2023-08-15-12-26-49-150x150.jpg 150w, https:\/\/www.speciamerica.org\/wp-content\/uploads\/2023\/10\/PHOTO-2023-08-15-12-26-49-250x250.jpg 250w\" sizes=\"(max-width: 150px) 100vw, 150px\" \/><\/a>\n\t\t\t<\/div>\n\t\t\t\t<figcaption class='wp-caption-text gallery-caption' id='gallery-1-1378'>\n\t\t\t\tS.E.M Kandia Camara, Ministre d&#8217;Etat offre du mat\u00e9riel m\u00e9dical d&#8217;une valeur de 700 millions de FCFA au CHR d&#8217;Abobo le 14 Ao\u00fbt 2023\n\t\t\t\t<\/figcaption><\/figure><figure class='gallery-item'>\n\t\t\t<div class='gallery-icon landscape'>\n\t\t\t\t<a data-elementor-open-lightbox=\"yes\" data-elementor-lightbox-slideshow=\"1ca1573\" data-elementor-lightbox-title=\"PHOTO-2023-08-15-12-26-48_1\" data-e-action-hash=\"#elementor-action%3Aaction%3Dlightbox%26settings%3DeyJpZCI6MTM3NywidXJsIjoiaHR0cHM6XC9cL3d3dy5zcGVjaWFtZXJpY2Eub3JnXC93cC1jb250ZW50XC91cGxvYWRzXC8yMDIzXC8xMFwvUEhPVE8tMjAyMy0wOC0xNS0xMi0yNi00OF8xLmpwZyIsInNsaWRlc2hvdyI6IjFjYTE1NzMifQ%3D%3D\" href='https:\/\/www.speciamerica.org\/wp-content\/uploads\/2023\/10\/PHOTO-2023-08-15-12-26-48_1.jpg'><img loading=\"lazy\" width=\"150\" height=\"150\" src=\"https:\/\/www.speciamerica.org\/wp-content\/uploads\/2023\/10\/PHOTO-2023-08-15-12-26-48_1-150x150.jpg\" class=\"attachment-thumbnail size-thumbnail\" alt=\"\" decoding=\"async\" aria-describedby=\"gallery-1-1377\" srcset=\"https:\/\/www.speciamerica.org\/wp-content\/uploads\/2023\/10\/PHOTO-2023-08-15-12-26-48_1-150x150.jpg 150w, https:\/\/www.speciamerica.org\/wp-content\/uploads\/2023\/10\/PHOTO-2023-08-15-12-26-48_1-250x250.jpg 250w\" sizes=\"(max-width: 150px) 100vw, 150px\" \/><\/a>\n\t\t\t<\/div>\n\t\t\t\t<figcaption class='wp-caption-text gallery-caption' id='gallery-1-1377'>\n\t\t\t\tS.E.M Kandia Camara, Ministre d&#8217;Etat offre du mat\u00e9riel m\u00e9dical d&#8217;une valeur de 700 millions de FCFA au CHR d&#8217;Abobo le 14 Ao\u00fbt 2023\n\t\t\t\t<\/figcaption><\/figure><figure class='gallery-item'>\n\t\t\t<div class='gallery-icon landscape'>\n\t\t\t\t<a data-elementor-open-lightbox=\"yes\" data-elementor-lightbox-slideshow=\"1ca1573\" data-elementor-lightbox-title=\"PHOTO-2023-08-15-12-26-48\" data-e-action-hash=\"#elementor-action%3Aaction%3Dlightbox%26settings%3DeyJpZCI6MTM3NiwidXJsIjoiaHR0cHM6XC9cL3d3dy5zcGVjaWFtZXJpY2Eub3JnXC93cC1jb250ZW50XC91cGxvYWRzXC8yMDIzXC8xMFwvUEhPVE8tMjAyMy0wOC0xNS0xMi0yNi00OC5qcGciLCJzbGlkZXNob3ciOiIxY2ExNTczIn0%3D\" href='https:\/\/www.speciamerica.org\/wp-content\/uploads\/2023\/10\/PHOTO-2023-08-15-12-26-48.jpg'><img loading=\"lazy\" width=\"150\" height=\"150\" src=\"https:\/\/www.speciamerica.org\/wp-content\/uploads\/2023\/10\/PHOTO-2023-08-15-12-26-48-150x150.jpg\" class=\"attachment-thumbnail size-thumbnail\" alt=\"\" decoding=\"async\" aria-describedby=\"gallery-1-1376\" srcset=\"https:\/\/www.speciamerica.org\/wp-content\/uploads\/2023\/10\/PHOTO-2023-08-15-12-26-48-150x150.jpg 150w, https:\/\/www.speciamerica.org\/wp-content\/uploads\/2023\/10\/PHOTO-2023-08-15-12-26-48-250x250.jpg 250w\" sizes=\"(max-width: 150px) 100vw, 150px\" \/><\/a>\n\t\t\t<\/div>\n\t\t\t\t<figcaption class='wp-caption-text gallery-caption' id='gallery-1-1376'>\n\t\t\t\tS.E.M Kandia Camara, Ministre d&#8217;Etat offre du mat\u00e9riel m\u00e9dical d&#8217;une valeur de 700 millions de FCFA au CHR d&#8217;Abobo le 14 Ao\u00fbt 2023\n\t\t\t\t<\/figcaption><\/figure><figure class='gallery-item'>\n\t\t\t<div class='gallery-icon landscape'>\n\t\t\t\t<a data-elementor-open-lightbox=\"yes\" data-elementor-lightbox-slideshow=\"1ca1573\" data-elementor-lightbox-title=\"PHOTO-2023-08-15-12-26-46_1\" data-e-action-hash=\"#elementor-action%3Aaction%3Dlightbox%26settings%3DeyJpZCI6MTM3NSwidXJsIjoiaHR0cHM6XC9cL3d3dy5zcGVjaWFtZXJpY2Eub3JnXC93cC1jb250ZW50XC91cGxvYWRzXC8yMDIzXC8xMFwvUEhPVE8tMjAyMy0wOC0xNS0xMi0yNi00Nl8xLmpwZyIsInNsaWRlc2hvdyI6IjFjYTE1NzMifQ%3D%3D\" href='https:\/\/www.speciamerica.org\/wp-content\/uploads\/2023\/10\/PHOTO-2023-08-15-12-26-46_1.jpg'><img loading=\"lazy\" width=\"150\" height=\"150\" src=\"https:\/\/www.speciamerica.org\/wp-content\/uploads\/2023\/10\/PHOTO-2023-08-15-12-26-46_1-150x150.jpg\" class=\"attachment-thumbnail size-thumbnail\" alt=\"\" decoding=\"async\" aria-describedby=\"gallery-1-1375\" srcset=\"https:\/\/www.speciamerica.org\/wp-content\/uploads\/2023\/10\/PHOTO-2023-08-15-12-26-46_1-150x150.jpg 150w, https:\/\/www.speciamerica.org\/wp-content\/uploads\/2023\/10\/PHOTO-2023-08-15-12-26-46_1-250x250.jpg 250w\" sizes=\"(max-width: 150px) 100vw, 150px\" \/><\/a>\n\t\t\t<\/div>\n\t\t\t\t<figcaption class='wp-caption-text gallery-caption' id='gallery-1-1375'>\n\t\t\t\tS.E.M Kandia Camara, Ministre d&#8217;Etat offre du mat\u00e9riel m\u00e9dical d&#8217;une valeur de 700 millions de FCFA au CHR d&#8217;Abobo le 14 Ao\u00fbt 2023\n\t\t\t\t<\/figcaption><\/figure><figure class='gallery-item'>\n\t\t\t<div class='gallery-icon landscape'>\n\t\t\t\t<a data-elementor-open-lightbox=\"yes\" data-elementor-lightbox-slideshow=\"1ca1573\" data-elementor-lightbox-title=\"PHOTO-2023-08-15-12-26-46\" data-e-action-hash=\"#elementor-action%3Aaction%3Dlightbox%26settings%3DeyJpZCI6MTM3NCwidXJsIjoiaHR0cHM6XC9cL3d3dy5zcGVjaWFtZXJpY2Eub3JnXC93cC1jb250ZW50XC91cGxvYWRzXC8yMDIzXC8xMFwvUEhPVE8tMjAyMy0wOC0xNS0xMi0yNi00Ni5qcGciLCJzbGlkZXNob3ciOiIxY2ExNTczIn0%3D\" href='https:\/\/www.speciamerica.org\/wp-content\/uploads\/2023\/10\/PHOTO-2023-08-15-12-26-46.jpg'><img loading=\"lazy\" width=\"150\" height=\"150\" src=\"https:\/\/www.speciamerica.org\/wp-content\/uploads\/2023\/10\/PHOTO-2023-08-15-12-26-46-150x150.jpg\" class=\"attachment-thumbnail size-thumbnail\" alt=\"\" decoding=\"async\" aria-describedby=\"gallery-1-1374\" srcset=\"https:\/\/www.speciamerica.org\/wp-content\/uploads\/2023\/10\/PHOTO-2023-08-15-12-26-46-150x150.jpg 150w, https:\/\/www.speciamerica.org\/wp-content\/uploads\/2023\/10\/PHOTO-2023-08-15-12-26-46-250x250.jpg 250w\" sizes=\"(max-width: 150px) 100vw, 150px\" \/><\/a>\n\t\t\t<\/div>\n\t\t\t\t<figcaption class='wp-caption-text gallery-caption' id='gallery-1-1374'>\n\t\t\t\tS.E.M Kandia Camara, Ministre d&#8217;Etat offre du mat\u00e9riel m\u00e9dical d&#8217;une valeur de 700 millions de FCFA au CHR d&#8217;Abobo le 14 Ao\u00fbt 2023\n\t\t\t\t<\/figcaption><\/figure><figure class='gallery-item'>\n\t\t\t<div class='gallery-icon landscape'>\n\t\t\t\t<a data-elementor-open-lightbox=\"yes\" data-elementor-lightbox-slideshow=\"1ca1573\" data-elementor-lightbox-title=\"PHOTO-2023-08-15-12-26-45_2\" data-e-action-hash=\"#elementor-action%3Aaction%3Dlightbox%26settings%3DeyJpZCI6MTM3MywidXJsIjoiaHR0cHM6XC9cL3d3dy5zcGVjaWFtZXJpY2Eub3JnXC93cC1jb250ZW50XC91cGxvYWRzXC8yMDIzXC8xMFwvUEhPVE8tMjAyMy0wOC0xNS0xMi0yNi00NV8yLmpwZyIsInNsaWRlc2hvdyI6IjFjYTE1NzMifQ%3D%3D\" href='https:\/\/www.speciamerica.org\/wp-content\/uploads\/2023\/10\/PHOTO-2023-08-15-12-26-45_2.jpg'><img loading=\"lazy\" width=\"150\" height=\"150\" src=\"https:\/\/www.speciamerica.org\/wp-content\/uploads\/2023\/10\/PHOTO-2023-08-15-12-26-45_2-150x150.jpg\" class=\"attachment-thumbnail size-thumbnail\" alt=\"\" decoding=\"async\" aria-describedby=\"gallery-1-1373\" srcset=\"https:\/\/www.speciamerica.org\/wp-content\/uploads\/2023\/10\/PHOTO-2023-08-15-12-26-45_2-150x150.jpg 150w, https:\/\/www.speciamerica.org\/wp-content\/uploads\/2023\/10\/PHOTO-2023-08-15-12-26-45_2-250x250.jpg 250w\" sizes=\"(max-width: 150px) 100vw, 150px\" \/><\/a>\n\t\t\t<\/div>\n\t\t\t\t<figcaption class='wp-caption-text gallery-caption' id='gallery-1-1373'>\n\t\t\t\tS.E.M Kandia Camara, Ministre d&#8217;Etat offre du mat\u00e9riel m\u00e9dical d&#8217;une valeur de 700 millions de FCFA au CHR d&#8217;Abobo le 14 Ao\u00fbt 2023\n\t\t\t\t<\/figcaption><\/figure><figure class='gallery-item'>\n\t\t\t<div class='gallery-icon landscape'>\n\t\t\t\t<a data-elementor-open-lightbox=\"yes\" data-elementor-lightbox-slideshow=\"1ca1573\" data-elementor-lightbox-title=\"PHOTO-2023-08-15-12-26-45_1\" data-e-action-hash=\"#elementor-action%3Aaction%3Dlightbox%26settings%3DeyJpZCI6MTM3MiwidXJsIjoiaHR0cHM6XC9cL3d3dy5zcGVjaWFtZXJpY2Eub3JnXC93cC1jb250ZW50XC91cGxvYWRzXC8yMDIzXC8xMFwvUEhPVE8tMjAyMy0wOC0xNS0xMi0yNi00NV8xLmpwZyIsInNsaWRlc2hvdyI6IjFjYTE1NzMifQ%3D%3D\" href='https:\/\/www.speciamerica.org\/wp-content\/uploads\/2023\/10\/PHOTO-2023-08-15-12-26-45_1.jpg'><img loading=\"lazy\" width=\"150\" height=\"150\" src=\"https:\/\/www.speciamerica.org\/wp-content\/uploads\/2023\/10\/PHOTO-2023-08-15-12-26-45_1-150x150.jpg\" class=\"attachment-thumbnail size-thumbnail\" alt=\"\" decoding=\"async\" aria-describedby=\"gallery-1-1372\" srcset=\"https:\/\/www.speciamerica.org\/wp-content\/uploads\/2023\/10\/PHOTO-2023-08-15-12-26-45_1-150x150.jpg 150w, https:\/\/www.speciamerica.org\/wp-content\/uploads\/2023\/10\/PHOTO-2023-08-15-12-26-45_1-250x250.jpg 250w\" sizes=\"(max-width: 150px) 100vw, 150px\" \/><\/a>\n\t\t\t<\/div>\n\t\t\t\t<figcaption class='wp-caption-text gallery-caption' id='gallery-1-1372'>\n\t\t\t\tS.E.M Kandia Camara, Ministre d&#8217;Etat offre du mat\u00e9riel m\u00e9dical d&#8217;une valeur de 700 millions de FCFA au CHR d&#8217;Abobo le 14 Ao\u00fbt 2023\n\t\t\t\t<\/figcaption><\/figure><figure class='gallery-item'>\n\t\t\t<div class='gallery-icon landscape'>\n\t\t\t\t<a data-elementor-open-lightbox=\"yes\" data-elementor-lightbox-slideshow=\"1ca1573\" data-elementor-lightbox-title=\"PHOTO-2023-08-15-12-26-45\" data-e-action-hash=\"#elementor-action%3Aaction%3Dlightbox%26settings%3DeyJpZCI6MTM3MSwidXJsIjoiaHR0cHM6XC9cL3d3dy5zcGVjaWFtZXJpY2Eub3JnXC93cC1jb250ZW50XC91cGxvYWRzXC8yMDIzXC8xMFwvUEhPVE8tMjAyMy0wOC0xNS0xMi0yNi00NS5qcGciLCJzbGlkZXNob3ciOiIxY2ExNTczIn0%3D\" href='https:\/\/www.speciamerica.org\/wp-content\/uploads\/2023\/10\/PHOTO-2023-08-15-12-26-45.jpg'><img loading=\"lazy\" width=\"150\" height=\"150\" src=\"https:\/\/www.speciamerica.org\/wp-content\/uploads\/2023\/10\/PHOTO-2023-08-15-12-26-45-150x150.jpg\" class=\"attachment-thumbnail size-thumbnail\" alt=\"\" decoding=\"async\" aria-describedby=\"gallery-1-1371\" srcset=\"https:\/\/www.speciamerica.org\/wp-content\/uploads\/2023\/10\/PHOTO-2023-08-15-12-26-45-150x150.jpg 150w, https:\/\/www.speciamerica.org\/wp-content\/uploads\/2023\/10\/PHOTO-2023-08-15-12-26-45-250x250.jpg 250w\" sizes=\"(max-width: 150px) 100vw, 150px\" \/><\/a>\n\t\t\t<\/div>\n\t\t\t\t<figcaption class='wp-caption-text gallery-caption' id='gallery-1-1371'>\n\t\t\t\tS.E.M Kandia Camara, Ministre d&#8217;Etat offre du mat\u00e9riel m\u00e9dical d&#8217;une valeur de 700 millions de FCFA au CHR d&#8217;Abobo le 14 Ao\u00fbt 2023\n\t\t\t\t<\/figcaption><\/figure><figure class='gallery-item'>\n\t\t\t<div class='gallery-icon landscape'>\n\t\t\t\t<a data-elementor-open-lightbox=\"yes\" data-elementor-lightbox-slideshow=\"1ca1573\" data-elementor-lightbox-title=\"PHOTO-2023-08-15-12-26-44_1\" data-e-action-hash=\"#elementor-action%3Aaction%3Dlightbox%26settings%3DeyJpZCI6MTM3MCwidXJsIjoiaHR0cHM6XC9cL3d3dy5zcGVjaWFtZXJpY2Eub3JnXC93cC1jb250ZW50XC91cGxvYWRzXC8yMDIzXC8xMFwvUEhPVE8tMjAyMy0wOC0xNS0xMi0yNi00NF8xLmpwZyIsInNsaWRlc2hvdyI6IjFjYTE1NzMifQ%3D%3D\" href='https:\/\/www.speciamerica.org\/wp-content\/uploads\/2023\/10\/PHOTO-2023-08-15-12-26-44_1.jpg'><img loading=\"lazy\" width=\"150\" height=\"150\" src=\"https:\/\/www.speciamerica.org\/wp-content\/uploads\/2023\/10\/PHOTO-2023-08-15-12-26-44_1-150x150.jpg\" class=\"attachment-thumbnail size-thumbnail\" alt=\"\" decoding=\"async\" aria-describedby=\"gallery-1-1370\" srcset=\"https:\/\/www.speciamerica.org\/wp-content\/uploads\/2023\/10\/PHOTO-2023-08-15-12-26-44_1-150x150.jpg 150w, https:\/\/www.speciamerica.org\/wp-content\/uploads\/2023\/10\/PHOTO-2023-08-15-12-26-44_1-250x250.jpg 250w\" sizes=\"(max-width: 150px) 100vw, 150px\" \/><\/a>\n\t\t\t<\/div>\n\t\t\t\t<figcaption class='wp-caption-text gallery-caption' id='gallery-1-1370'>\n\t\t\t\tS.E.M Kandia Camara, Ministre d&#8217;Etat offre du mat\u00e9riel m\u00e9dical d&#8217;une valeur de 700 millions de FCFA au CHR d&#8217;Abobo le 14 Ao\u00fbt 2023\n\t\t\t\t<\/figcaption><\/figure><figure class='gallery-item'>\n\t\t\t<div class='gallery-icon landscape'>\n\t\t\t\t<a data-elementor-open-lightbox=\"yes\" data-elementor-lightbox-slideshow=\"1ca1573\" data-elementor-lightbox-title=\"PHOTO-2023-08-15-12-26-44\" data-e-action-hash=\"#elementor-action%3Aaction%3Dlightbox%26settings%3DeyJpZCI6MTM2OSwidXJsIjoiaHR0cHM6XC9cL3d3dy5zcGVjaWFtZXJpY2Eub3JnXC93cC1jb250ZW50XC91cGxvYWRzXC8yMDIzXC8xMFwvUEhPVE8tMjAyMy0wOC0xNS0xMi0yNi00NC5qcGciLCJzbGlkZXNob3ciOiIxY2ExNTczIn0%3D\" href='https:\/\/www.speciamerica.org\/wp-content\/uploads\/2023\/10\/PHOTO-2023-08-15-12-26-44.jpg'><img loading=\"lazy\" width=\"150\" height=\"150\" src=\"https:\/\/www.speciamerica.org\/wp-content\/uploads\/2023\/10\/PHOTO-2023-08-15-12-26-44-150x150.jpg\" class=\"attachment-thumbnail size-thumbnail\" alt=\"\" decoding=\"async\" aria-describedby=\"gallery-1-1369\" srcset=\"https:\/\/www.speciamerica.org\/wp-content\/uploads\/2023\/10\/PHOTO-2023-08-15-12-26-44-150x150.jpg 150w, https:\/\/www.speciamerica.org\/wp-content\/uploads\/2023\/10\/PHOTO-2023-08-15-12-26-44-250x250.jpg 250w\" sizes=\"(max-width: 150px) 100vw, 150px\" \/><\/a>\n\t\t\t<\/div>\n\t\t\t\t<figcaption class='wp-caption-text gallery-caption' id='gallery-1-1369'>\n\t\t\t\tS.E.M Kandia Camara, Ministre d&#8217;Etat offre du mat\u00e9riel m\u00e9dical d&#8217;une valeur de 700 millions de FCFA au CHR d&#8217;Abobo le 14 Ao\u00fbt 2023\n\t\t\t\t<\/figcaption><\/figure><figure class='gallery-item'>\n\t\t\t<div class='gallery-icon landscape'>\n\t\t\t\t<a data-elementor-open-lightbox=\"yes\" data-elementor-lightbox-slideshow=\"1ca1573\" data-elementor-lightbox-title=\"PHOTO-2023-08-15-12-26-43\" data-e-action-hash=\"#elementor-action%3Aaction%3Dlightbox%26settings%3DeyJpZCI6MTM2OCwidXJsIjoiaHR0cHM6XC9cL3d3dy5zcGVjaWFtZXJpY2Eub3JnXC93cC1jb250ZW50XC91cGxvYWRzXC8yMDIzXC8xMFwvUEhPVE8tMjAyMy0wOC0xNS0xMi0yNi00My5qcGciLCJzbGlkZXNob3ciOiIxY2ExNTczIn0%3D\" href='https:\/\/www.speciamerica.org\/wp-content\/uploads\/2023\/10\/PHOTO-2023-08-15-12-26-43.jpg'><img loading=\"lazy\" width=\"150\" height=\"150\" src=\"https:\/\/www.speciamerica.org\/wp-content\/uploads\/2023\/10\/PHOTO-2023-08-15-12-26-43-150x150.jpg\" class=\"attachment-thumbnail size-thumbnail\" alt=\"\" decoding=\"async\" aria-describedby=\"gallery-1-1368\" srcset=\"https:\/\/www.speciamerica.org\/wp-content\/uploads\/2023\/10\/PHOTO-2023-08-15-12-26-43-150x150.jpg 150w, https:\/\/www.speciamerica.org\/wp-content\/uploads\/2023\/10\/PHOTO-2023-08-15-12-26-43-250x250.jpg 250w\" sizes=\"(max-width: 150px) 100vw, 150px\" \/><\/a>\n\t\t\t<\/div>\n\t\t\t\t<figcaption class='wp-caption-text gallery-caption' id='gallery-1-1368'>\n\t\t\t\tS.E.M Kandia Camara, Ministre d&#8217;Etat offre du mat\u00e9riel m\u00e9dical d&#8217;une valeur de 700 millions de FCFA au CHR d&#8217;Abobo le 14 Ao\u00fbt 2023\n\t\t\t\t<\/figcaption><\/figure><figure class='gallery-item'>\n\t\t\t<div class='gallery-icon landscape'>\n\t\t\t\t<a data-elementor-open-lightbox=\"yes\" data-elementor-lightbox-slideshow=\"1ca1573\" data-elementor-lightbox-title=\"PHOTO-2023-08-15-12-26-42_1\" data-e-action-hash=\"#elementor-action%3Aaction%3Dlightbox%26settings%3DeyJpZCI6MTM2NywidXJsIjoiaHR0cHM6XC9cL3d3dy5zcGVjaWFtZXJpY2Eub3JnXC93cC1jb250ZW50XC91cGxvYWRzXC8yMDIzXC8xMFwvUEhPVE8tMjAyMy0wOC0xNS0xMi0yNi00Ml8xLmpwZyIsInNsaWRlc2hvdyI6IjFjYTE1NzMifQ%3D%3D\" href='https:\/\/www.speciamerica.org\/wp-content\/uploads\/2023\/10\/PHOTO-2023-08-15-12-26-42_1.jpg'><img loading=\"lazy\" width=\"150\" height=\"150\" src=\"https:\/\/www.speciamerica.org\/wp-content\/uploads\/2023\/10\/PHOTO-2023-08-15-12-26-42_1-150x150.jpg\" class=\"attachment-thumbnail size-thumbnail\" alt=\"\" decoding=\"async\" aria-describedby=\"gallery-1-1367\" srcset=\"https:\/\/www.speciamerica.org\/wp-content\/uploads\/2023\/10\/PHOTO-2023-08-15-12-26-42_1-150x150.jpg 150w, https:\/\/www.speciamerica.org\/wp-content\/uploads\/2023\/10\/PHOTO-2023-08-15-12-26-42_1-250x250.jpg 250w\" sizes=\"(max-width: 150px) 100vw, 150px\" \/><\/a>\n\t\t\t<\/div>\n\t\t\t\t<figcaption class='wp-caption-text gallery-caption' id='gallery-1-1367'>\n\t\t\t\tS.E.M Kandia Camara, Ministre d&#8217;Etat offre du mat\u00e9riel m\u00e9dical d&#8217;une valeur de 700 millions de FCFA au CHR d&#8217;Abobo le 14 Ao\u00fbt 2023\n\t\t\t\t<\/figcaption><\/figure><figure class='gallery-item'>\n\t\t\t<div class='gallery-icon landscape'>\n\t\t\t\t<a data-elementor-open-lightbox=\"yes\" data-elementor-lightbox-slideshow=\"1ca1573\" data-elementor-lightbox-title=\"PHOTO-2023-08-15-12-26-42\" data-e-action-hash=\"#elementor-action%3Aaction%3Dlightbox%26settings%3DeyJpZCI6MTM2NiwidXJsIjoiaHR0cHM6XC9cL3d3dy5zcGVjaWFtZXJpY2Eub3JnXC93cC1jb250ZW50XC91cGxvYWRzXC8yMDIzXC8xMFwvUEhPVE8tMjAyMy0wOC0xNS0xMi0yNi00Mi5qcGciLCJzbGlkZXNob3ciOiIxY2ExNTczIn0%3D\" href='https:\/\/www.speciamerica.org\/wp-content\/uploads\/2023\/10\/PHOTO-2023-08-15-12-26-42.jpg'><img loading=\"lazy\" width=\"150\" height=\"150\" src=\"https:\/\/www.speciamerica.org\/wp-content\/uploads\/2023\/10\/PHOTO-2023-08-15-12-26-42-150x150.jpg\" class=\"attachment-thumbnail size-thumbnail\" alt=\"\" decoding=\"async\" aria-describedby=\"gallery-1-1366\" srcset=\"https:\/\/www.speciamerica.org\/wp-content\/uploads\/2023\/10\/PHOTO-2023-08-15-12-26-42-150x150.jpg 150w, https:\/\/www.speciamerica.org\/wp-content\/uploads\/2023\/10\/PHOTO-2023-08-15-12-26-42-250x250.jpg 250w\" sizes=\"(max-width: 150px) 100vw, 150px\" \/><\/a>\n\t\t\t<\/div>\n\t\t\t\t<figcaption class='wp-caption-text gallery-caption' id='gallery-1-1366'>\n\t\t\t\tS.E.M Kandia Camara, Ministre d&#8217;Etat offre du mat\u00e9riel m\u00e9dical d&#8217;une valeur de 700 millions de FCFA au CHR d&#8217;Abobo le 14 Ao\u00fbt 2023\n\t\t\t\t<\/figcaption><\/figure><figure class='gallery-item'>\n\t\t\t<div class='gallery-icon landscape'>\n\t\t\t\t<a data-elementor-open-lightbox=\"yes\" data-elementor-lightbox-slideshow=\"1ca1573\" data-elementor-lightbox-title=\"PHOTO-2023-08-15-12-26-41\" data-e-action-hash=\"#elementor-action%3Aaction%3Dlightbox%26settings%3DeyJpZCI6MTM2NSwidXJsIjoiaHR0cHM6XC9cL3d3dy5zcGVjaWFtZXJpY2Eub3JnXC93cC1jb250ZW50XC91cGxvYWRzXC8yMDIzXC8xMFwvUEhPVE8tMjAyMy0wOC0xNS0xMi0yNi00MS5qcGciLCJzbGlkZXNob3ciOiIxY2ExNTczIn0%3D\" href='https:\/\/www.speciamerica.org\/wp-content\/uploads\/2023\/10\/PHOTO-2023-08-15-12-26-41.jpg'><img loading=\"lazy\" width=\"150\" height=\"150\" src=\"https:\/\/www.speciamerica.org\/wp-content\/uploads\/2023\/10\/PHOTO-2023-08-15-12-26-41-150x150.jpg\" class=\"attachment-thumbnail size-thumbnail\" alt=\"\" decoding=\"async\" aria-describedby=\"gallery-1-1365\" srcset=\"https:\/\/www.speciamerica.org\/wp-content\/uploads\/2023\/10\/PHOTO-2023-08-15-12-26-41-150x150.jpg 150w, https:\/\/www.speciamerica.org\/wp-content\/uploads\/2023\/10\/PHOTO-2023-08-15-12-26-41-250x250.jpg 250w\" sizes=\"(max-width: 150px) 100vw, 150px\" \/><\/a>\n\t\t\t<\/div>\n\t\t\t\t<figcaption class='wp-caption-text gallery-caption' id='gallery-1-1365'>\n\t\t\t\tS.E.M Kandia Camara, Ministre d&#8217;Etat offre du mat\u00e9riel m\u00e9dical d&#8217;une valeur de 700 millions de FCFA au CHR d&#8217;Abobo le 14 Ao\u00fbt 2023\n\t\t\t\t<\/figcaption><\/figure><figure class='gallery-item'>\n\t\t\t<div class='gallery-icon landscape'>\n\t\t\t\t<a data-elementor-open-lightbox=\"yes\" data-elementor-lightbox-slideshow=\"1ca1573\" data-elementor-lightbox-title=\"PHOTO-2023-08-15-12-26-47\" data-e-action-hash=\"#elementor-action%3Aaction%3Dlightbox%26settings%3DeyJpZCI6MTM2NCwidXJsIjoiaHR0cHM6XC9cL3d3dy5zcGVjaWFtZXJpY2Eub3JnXC93cC1jb250ZW50XC91cGxvYWRzXC8yMDIzXC8xMFwvUEhPVE8tMjAyMy0wOC0xNS0xMi0yNi00Ny5qcGciLCJzbGlkZXNob3ciOiIxY2ExNTczIn0%3D\" href='https:\/\/www.speciamerica.org\/wp-content\/uploads\/2023\/10\/PHOTO-2023-08-15-12-26-47.jpg'><img loading=\"lazy\" width=\"150\" height=\"150\" src=\"https:\/\/www.speciamerica.org\/wp-content\/uploads\/2023\/10\/PHOTO-2023-08-15-12-26-47-150x150.jpg\" class=\"attachment-thumbnail size-thumbnail\" alt=\"\" decoding=\"async\" aria-describedby=\"gallery-1-1364\" srcset=\"https:\/\/www.speciamerica.org\/wp-content\/uploads\/2023\/10\/PHOTO-2023-08-15-12-26-47-150x150.jpg 150w, https:\/\/www.speciamerica.org\/wp-content\/uploads\/2023\/10\/PHOTO-2023-08-15-12-26-47-250x250.jpg 250w\" sizes=\"(max-width: 150px) 100vw, 150px\" \/><\/a>\n\t\t\t<\/div>\n\t\t\t\t<figcaption class='wp-caption-text gallery-caption' id='gallery-1-1364'>\n\t\t\t\tS.E.M Kandia Camara, Ministre d&#8217;Etat offre du mat\u00e9riel m\u00e9dical d&#8217;une valeur de 700 millions de FCFA au CHR d&#8217;Abobo le 14 Ao\u00fbt 2023\n\t\t\t\t<\/figcaption><\/figure>\n\t\t<\/div>\n\t\t<\/div>\n\t\t\t\t<\/div>\n\t\t\t\t<\/div>\n\t\t\t\t\t<\/div>\n\t\t<\/div>\n\t\t\t\t\t<\/div>\n\t\t<\/section>\n\t\t\t\t<\/div>","protected":false},"excerpt":{"rendered":"<p>S.E.M Kandia Camara, Ministre d&#8217;Etat offre du mat\u00e9riel m\u00e9dical\u00a0d&#8217;une valeur de 700 millions de FCFA au CHR d&#8217;Abobo le 14 Ao\u00fbt\u00a02023 S.E.M Kandia Camara, Ministre d&#8217;Etat offre du mat\u00e9riel m\u00e9dical d&#8217;une valeur de 700 millions de FCFA au CHR d&#8217;Abobo le 14 Ao\u00fbt 2023 S.E.M Kandia Camara, Ministre d&#8217;Etat offre du mat\u00e9riel m\u00e9dical d&#8217;une valeur [&hellip;]<\/p>","protected":false},"author":3,"featured_media":1381,"comment_status":"closed","ping_status":"closed","sticky":false,"template":"","format":"standard","meta":{"footnotes":""},"categories":[1],"tags":[],"_links":{"self":[{"href":"https:\/\/www.speciamerica.org\/fr\/wp-json\/wp\/v2\/posts\/1362"}],"collection":[{"href":"https:\/\/www.speciamerica.org\/fr\/wp-json\/wp\/v2\/posts"}],"about":[{"href":"https:\/\/www.speciamerica.org\/fr\/wp-json\/wp\/v2\/types\/post"}],"author":[{"embeddable":true,"href":"https:\/\/www.speciamerica.org\/fr\/wp-json\/wp\/v2\/users\/3"}],"replies":[{"embeddable":true,"href":"https:\/\/www.speciamerica.org\/fr\/wp-json\/wp\/v2\/comments?post=1362"}],"version-history":[{"count":4,"href":"https:\/\/www.speciamerica.org\/fr\/wp-json\/wp\/v2\/posts\/1362\/revisions"}],"predecessor-version":[{"id":1384,"href":"https:\/\/www.speciamerica.org\/fr\/wp-json\/wp\/v2\/posts\/1362\/revisions\/1384"}],"wp:featuredmedia":[{"embeddable":true,"href":"https:\/\/www.speciamerica.org\/fr\/wp-json\/wp\/v2\/media\/1381"}],"wp:attachment":[{"href":"https:\/\/www.speciamerica.org\/fr\/wp-json\/wp\/v2\/media?parent=1362"}],"wp:term":[{"taxonomy":"category","embeddable":true,"href":"https:\/\/www.speciamerica.org\/fr\/wp-json\/wp\/v2\/categories?post=1362"},{"taxonomy":"post_tag","embeddable":true,"href":"https:\/\/www.speciamerica.org\/fr\/wp-json\/wp\/v2\/tags?post=1362"}],"curies":[{"name":"wp","href":"https:\/\/api.w.org\/{rel}","templated":true}]}}