{"id":1227,"date":"2023-05-24T21:46:54","date_gmt":"2023-05-24T21:46:54","guid":{"rendered":"https:\/\/www.speciamerica.org\/?p=1227"},"modified":"2023-05-24T22:15:16","modified_gmt":"2023-05-24T22:15:16","slug":"la-cote-divoire-interesse-fortement-les-milieux-daffaires-americains","status":"publish","type":"post","link":"https:\/\/www.speciamerica.org\/fr\/la-cote-divoire-interesse-fortement-les-milieux-daffaires-americains\/","title":{"rendered":"\u00ab\u00a0LA COTE D\u2019IVOIRE INTERESSE FORTEMENT LES MILIEUX D\u2019AFFAIRES AMERICAINS\u00a0\u00bb"},"content":{"rendered":"<div data-elementor-type=\"wp-post\" data-elementor-id=\"1227\" class=\"elementor elementor-1227\">\n\t\t\t\t\t\t<section class=\"elementor-section elementor-top-section elementor-element elementor-element-0ba3969 elementor-section-boxed elementor-section-height-default elementor-section-height-default\" data-id=\"0ba3969\" data-element_type=\"section\">\n\t\t\t\t\t\t<div class=\"elementor-container elementor-column-gap-default\">\n\t\t\t\t\t<div class=\"elementor-column elementor-col-100 elementor-top-column elementor-element elementor-element-39b89f0\" data-id=\"39b89f0\" data-element_type=\"column\">\n\t\t\t<div class=\"elementor-widget-wrap elementor-element-populated\">\n\t\t\t\t\t\t<div class=\"elementor-element elementor-element-1eff195 elementor-widget elementor-widget-heading\" data-id=\"1eff195\" data-element_type=\"widget\" data-widget_type=\"heading.default\">\n\t\t\t\t<div class=\"elementor-widget-container\">\n\t\t\t<style>\/*! elementor - v3.19.0 - 28-02-2024 *\/\n.elementor-heading-title{padding:0;margin:0;line-height:1}.elementor-widget-heading .elementor-heading-title[class*=elementor-size-]>a{color:inherit;font-size:inherit;line-height:inherit}.elementor-widget-heading .elementor-heading-title.elementor-size-small{font-size:15px}.elementor-widget-heading .elementor-heading-title.elementor-size-medium{font-size:19px}.elementor-widget-heading .elementor-heading-title.elementor-size-large{font-size:29px}.elementor-widget-heading .elementor-heading-title.elementor-size-xl{font-size:39px}.elementor-widget-heading .elementor-heading-title.elementor-size-xxl{font-size:59px}<\/style><h2 class=\"elementor-heading-title elementor-size-default\"><p>\n<\/p><p><b><i><span lang=\"FR\" style=\"font-size: 24pt; font-family: &quot;Century Gothic&quot;, sans-serif; color: black; background-image: initial; background-position: initial; background-size: initial; background-repeat: initial; background-attachment: initial; background-origin: initial; background-clip: initial;\">\u00ab&nbsp;LA COTE D\u2019IVOIRE INTERESSE FORTEMENT <\/span><\/i><\/b><b style=\"color: var( --e-global-color-primary ); font-family: var( --e-global-typography-primary-font-family ), Sans-serif; font-size: 2rem;\"><i><span lang=\"FR\" style=\"font-size: 24pt; font-family: &quot;Century Gothic&quot;, sans-serif; color: black; background-image: initial; background-position: initial; background-size: initial; background-repeat: initial; background-attachment: initial; background-origin: initial; background-clip: initial;\">LES MILIEUX D\u2019AFFAIRES<\/span><\/i><\/b><\/p><p><b><i><span lang=\"FR\" style=\"font-size: 24pt; font-family: &quot;Century Gothic&quot;, sans-serif; color: black; background-image: initial; background-position: initial; background-size: initial; background-repeat: initial; background-attachment: initial; background-origin: initial; background-clip: initial;\">AMERICAINS&nbsp;\u00bb<\/span><\/i><\/b><span style=\"color: var( --e-global-color-primary ); font-family: var( --e-global-typography-primary-font-family ), Sans-serif; font-size: 2rem; font-weight: var( --e-global-typography-primary-font-weight );\"><\/span><\/p><\/h2>\t\t<\/div>\n\t\t\t\t<\/div>\n\t\t\t\t\t<\/div>\n\t\t<\/div>\n\t\t\t\t\t<\/div>\n\t\t<\/section>\n\t\t\t\t<section class=\"elementor-section elementor-top-section elementor-element elementor-element-2c15a17 elementor-section-boxed elementor-section-height-default elementor-section-height-default\" data-id=\"2c15a17\" data-element_type=\"section\">\n\t\t\t\t\t\t<div class=\"elementor-container elementor-column-gap-default\">\n\t\t\t\t\t<div class=\"elementor-column elementor-col-100 elementor-top-column elementor-element elementor-element-04f492a\" data-id=\"04f492a\" data-element_type=\"column\">\n\t\t\t<div class=\"elementor-widget-wrap elementor-element-populated\">\n\t\t\t\t\t\t<div class=\"elementor-element elementor-element-e2cd881 elementor-widget elementor-widget-image\" data-id=\"e2cd881\" data-element_type=\"widget\" data-widget_type=\"image.default\">\n\t\t\t\t<div class=\"elementor-widget-container\">\n\t\t\t<style>\/*! elementor - v3.19.0 - 28-02-2024 *\/\n.elementor-widget-image{text-align:center}.elementor-widget-image a{display:inline-block}.elementor-widget-image a img[src$=\".svg\"]{width:48px}.elementor-widget-image img{vertical-align:middle;display:inline-block}<\/style>\t\t\t\t\t\t\t\t\t\t<img fetchpriority=\"high\" decoding=\"async\" width=\"686\" height=\"557\" src=\"https:\/\/www.speciamerica.org\/wp-content\/uploads\/2023\/05\/SEM-AMBASSADEUR-INZA-CAMARA.jpg\" class=\"attachment-large size-large wp-image-1229\" alt=\"\" srcset=\"https:\/\/www.speciamerica.org\/wp-content\/uploads\/2023\/05\/SEM-AMBASSADEUR-INZA-CAMARA.jpg 686w, https:\/\/www.speciamerica.org\/wp-content\/uploads\/2023\/05\/SEM-AMBASSADEUR-INZA-CAMARA-300x244.jpg 300w, https:\/\/www.speciamerica.org\/wp-content\/uploads\/2023\/05\/SEM-AMBASSADEUR-INZA-CAMARA-15x12.jpg 15w, https:\/\/www.speciamerica.org\/wp-content\/uploads\/2023\/05\/SEM-AMBASSADEUR-INZA-CAMARA-600x487.jpg 600w\" sizes=\"(max-width: 686px) 100vw, 686px\" \/>\t\t\t\t\t\t\t\t\t\t\t\t\t<\/div>\n\t\t\t\t<\/div>\n\t\t\t\t\t<\/div>\n\t\t<\/div>\n\t\t\t\t\t<\/div>\n\t\t<\/section>\n\t\t\t\t<section class=\"elementor-section elementor-top-section elementor-element elementor-element-ca15e5d elementor-section-boxed elementor-section-height-default elementor-section-height-default\" data-id=\"ca15e5d\" data-element_type=\"section\">\n\t\t\t\t\t\t<div class=\"elementor-container elementor-column-gap-default\">\n\t\t\t\t\t<div class=\"elementor-column elementor-col-100 elementor-top-column elementor-element elementor-element-5b878ef\" data-id=\"5b878ef\" data-element_type=\"column\">\n\t\t\t<div class=\"elementor-widget-wrap elementor-element-populated\">\n\t\t\t\t\t\t<div class=\"elementor-element elementor-element-309b1f0 elementor-widget elementor-widget-text-editor\" data-id=\"309b1f0\" data-element_type=\"widget\" data-widget_type=\"text-editor.default\">\n\t\t\t\t<div class=\"elementor-widget-container\">\n\t\t\t<style>\/*! elementor - v3.19.0 - 28-02-2024 *\/\n.elementor-widget-text-editor.elementor-drop-cap-view-stacked .elementor-drop-cap{background-color:#69727d;color:#fff}.elementor-widget-text-editor.elementor-drop-cap-view-framed .elementor-drop-cap{color:#69727d;border:3px solid;background-color:transparent}.elementor-widget-text-editor:not(.elementor-drop-cap-view-default) .elementor-drop-cap{margin-top:8px}.elementor-widget-text-editor:not(.elementor-drop-cap-view-default) .elementor-drop-cap-letter{width:1em;height:1em}.elementor-widget-text-editor .elementor-drop-cap{float:left;text-align:center;line-height:1;font-size:50px}.elementor-widget-text-editor .elementor-drop-cap-letter{display:inline-block}<\/style>\t\t\t\t<p style=\"text-align: justify;\"><span style=\"font-family: 'Century Gothic',sans-serif; mso-fareast-font-family: PMingLiU; mso-bidi-font-family: Arial; mso-ansi-language: FR-CI; mso-fareast-language: ZH-TW;\">SEM. <b>Inza CAMARA<\/b>, D\u00e9l\u00e9gu\u00e9 G\u00e9n\u00e9ral du Service de Promotion \u00c9conomique Ext\u00e9rieure (SPEE) de la C\u00f4te d\u2019Ivoire aux Etats-Unis, Canada et Mexique.<\/span><\/p><p style=\"text-align: justify;\"><b><i><span lang=\"FR\" style=\"font-family: 'Century Gothic',sans-serif; mso-fareast-font-family: Calibri; color: red;\">\u00ab\u00a0La C\u00f4te d\u2019Ivoire int\u00e9resse fortement les milieux d\u2019affaires am\u00e9ricains\u00a0\u00bb<\/span><\/i><\/b><\/p><p style=\"text-align: justify;\"><span lang=\"FR\" style=\"font-family: 'Century Gothic',sans-serif; mso-bidi-font-family: Arial;\">Dans cet entretien, ce haut responsable ivoirien fait le bilan des 10 ans d\u2019activit\u00e9s du service qu\u2019il dirige. En plus d\u2019aborder la question de la perception des hommes d\u2019affaires nord-am\u00e9ricains sur la C\u00f4te d\u2019Ivoire, il dresse \u00e9galement un tableau des perspectives du SPEE dont il a la charge.<\/span><\/p><p style=\"margin-left: 36.0pt; text-align: justify; text-indent: -18.0pt;\"><b><span lang=\"FR\">\u00a0 \u00a0 \u00a0 \u00a0 \u00a0 \u00a0 \u00a0 \u00a0 \u00a0 \u00a0 \u00a0 \u00a0 \u00a0 \u00a0 \u00a0 \u00a0 \u00a0 \u00a0 \u00a0 \u00a0 \u00a0 \u00a0 \u00a0 \u00a0 \u00a0 \u00a0 \u00a0 \u00a0 \u00a0 \u00a0 \u00a0 \u00a0 \u00a0 \u00a0 \u00a0 \u00a0 \u00a0 \u00a0 \u00a0 \u00a0 \u00a0 \u00a0 \u00a0 \u00a0 \u00a0 \u00a0 \u00a0 \u00a0 \u00a0 \u00a0 \u00a0 \u00a0 \u00a0 \u00a0&#8212;&#8212;&#8212;&#8212;&#8212;&#8212;&#8212;&#8212;&#8212;&#8212;&#8212;&#8212;&#8212;&#8211;<\/span><\/b><\/p><p style=\"text-align: justify;\"><b><span lang=\"FR\" style=\"font-family: 'Century Gothic',sans-serif; mso-bidi-font-family: Arial;\">Monsieur Inza CAMARA, vous \u00eates le <\/span><\/b><b><span style=\"font-family: 'Century Gothic',sans-serif; mso-fareast-font-family: PMingLiU; mso-bidi-font-family: Arial; mso-ansi-language: FR-CI; mso-fareast-language: ZH-TW;\">D\u00e9l\u00e9gu\u00e9 G\u00e9n\u00e9ral<\/span><\/b><b><span lang=\"FR\" style=\"font-family: 'Century Gothic',sans-serif; mso-bidi-font-family: Arial;\"> du Service de Promotion Economique Ext\u00e9rieure (SPEE) de la C\u00f4te d\u2019Ivoire aux Etats-Unis, Canada et Mexique. Dix ans apr\u00e8s son installation, le 10 juillet 2012, quel bilan faites-vous\u00a0?<\/span><\/b><\/p><p style=\"text-align: justify;\"><span lang=\"FR\" style=\"font-family: 'Century Gothic',sans-serif;\">Conform\u00e9ment aux objectifs et attentes qui ont justifi\u00e9 la reforme et son installation, le Service de Promotion Economique de la C\u00f4te d\u2019Ivoire aux Etats-Unis, au Canada et au Mexique (SPECI-USA) a men\u00e9 de nombreuses actions de promotion et de repositionnement de la C\u00f4te d\u2019Ivoire aussi bien aux Etats-Unis que dans tous les autres pays de sa zone de couverture.<\/span><\/p><p style=\"text-align: justify;\"><span lang=\"FR\" style=\"font-family: 'Century Gothic',sans-serif;\">Ces diff\u00e9rentes actions entreprises depuis son installation sont les organisations du Forum Prosper Africa et des ateliers ivoiro-am\u00e9ricains pour la promotion des PME qui se sont tenus en 2018 et en 2019\u00a0; la signature d\u2019un Protocole d\u2019Entente entre le World Trade Center d\u2019Arkansas et le SPECI-USA, \u00e0 l\u2019occasion du Forum sur l\u2019Agri-Business qui s\u2019est tenu du 17 au 18 novembre 2014 \u00e0 Little Rock dans l\u2019Etat de l\u2019Arkansas.<\/span><\/p><p style=\"text-align: justify;\"><span lang=\"FR\" style=\"font-family: 'Century Gothic',sans-serif;\">Les actions du SPECI-USA ont \u00e9galement permis l\u2019implantation de nouvelles entreprises am\u00e9ricaines en c\u00f4te d\u2019Ivoire telle que la compagnie mini\u00e8re NewMont\u00a0; l\u2019obtention d\u2019un financement de 250 millions de dollars, soit 125 milliards de FCFA, pour la construction de la future universit\u00e9 d\u2019Adiak\u00e9 (Sud-est)\u00a0; la signature d\u2019un protocole d\u2019entente entre le SPECI-USA et Small Business Administration (le SBA). Nous avons \u00e9galement contribu\u00e9 \u00e0 une meilleure int\u00e9gration de la C\u00f4te d\u2019Ivoire \u00e0 l\u2019<\/span><em><span lang=\"FR\" style=\"font-family: 'Century Gothic', sans-serif; color: black; background-image: initial; background-position: initial; background-size: initial; background-repeat: initial; background-attachment: initial; background-origin: initial; background-clip: initial;\">African Growth Opportunities Act<\/span><\/em><span lang=\"FR\" style=\"font-family: 'Century Gothic', sans-serif; color: black; background-image: initial; background-position: initial; background-size: initial; background-repeat: initial; background-attachment: initial; background-origin: initial; background-clip: initial;\">\u00a0(<em>AGOA<\/em>)<\/span><span lang=\"FR\" style=\"font-family: 'Century Gothic', sans-serif; color: #4d5156; background-image: initial; background-position: initial; background-size: initial; background-repeat: initial; background-attachment: initial; background-origin: initial; background-clip: initial;\">, <\/span><span lang=\"FR\" style=\"font-family: 'Century Gothic', sans-serif; color: black; background-image: initial; background-position: initial; background-size: initial; background-repeat: initial; background-attachment: initial; background-origin: initial; background-clip: initial;\">\u00e0\u00a0<\/span><span lang=\"FR\" style=\"font-family: 'Century Gothic',sans-serif;\">la promotion des diff\u00e9rentes fili\u00e8res agricoles d\u2019exportation ivoirienne aux Mexique. <\/span><span lang=\"FR\" style=\"font-family: 'Century Gothic',sans-serif; mso-bidi-font-family: Arial;\">Enfin, <\/span><span lang=\"FR\" style=\"font-family: 'Century Gothic',sans-serif;\">le SPECI-USA a organis\u00e9 en novembre 2021, \u00e0 Abidjan, le premier forum d\u2019investissement entre la C\u00f4te d\u2019Ivoire et l\u2019Am\u00e9rique du Nord. \u00a0<span style=\"color: black; background-image: initial; background-position: initial; background-size: initial; background-repeat: initial; background-attachment: initial; background-origin: initial; background-clip: initial;\">Ce rendez-vous \u00e9conomique a<\/span><\/span><span lang=\"FR\" style=\"font-family: 'Century Gothic', sans-serif; color: black; background-image: initial; background-position: initial; background-size: initial; background-repeat: initial; background-attachment: initial; background-origin: initial; background-clip: initial;\">vait<\/span><span lang=\"FR\" style=\"font-family: 'Century Gothic', sans-serif; color: black; background-image: initial; background-position: initial; background-size: initial; background-repeat: initial; background-attachment: initial; background-origin: initial; background-clip: initial;\"> pour objectif de susciter la n\u00e9gociation et la conclusion d\u2019accords de partenariats entre le Gouvernement et les milieux d\u2019affaires ivoiriens, d\u2019une part, et les investisseurs am\u00e9ricains, d\u2019autre part, pour des montants compris entre trois milliards (environ\u00a0 1 500 milliards de FCFA) et quatre milliards de dollars (environ 2000 milliards de FCFA), selon les projets prioritaires identifi\u00e9s par le Plan National de D\u00e9veloppement <\/span><span lang=\"FR\" style=\"font-family: 'Century Gothic',sans-serif;\">(PND) 2021-2025 qui pr\u00e9voit un plan d\u2019investissements publics et priv\u00e9s de l\u2019ordre de 59\u00a0000 milliards de FCFA.<\/span><\/p><p style=\"text-align: justify;\"><span lang=\"FR\" style=\"font-family: 'Century Gothic',sans-serif; mso-bidi-font-family: Arial;\">Il convient de savoir que l<\/span><span style=\"font-family: 'Century Gothic',sans-serif; mso-fareast-font-family: PMingLiU; mso-bidi-font-family: Arial; mso-ansi-language: FR-CI; mso-fareast-language: ZH-TW;\">es Services de Promotion Economique Ext\u00e9rieure sont des services du Minist\u00e8re de l\u2019Economie et des Finances log\u00e9s au sein de la Direction G\u00e9n\u00e9rale de l\u2019Economie (DGE). Ils coordonnent les actions de promotion \u00e9conomique, commerciale, touristique, culturelle et industrielle de la C\u00f4te d\u2019Ivoire \u00e0 l\u2019ext\u00e9rieur. Ils sont plac\u00e9s aupr\u00e8s des Repr\u00e9sentations diplomatiques du pays \u00e0 l\u2019\u00e9tranger et regroupent, \u00e0 cet effet, en leur sein, des repr\u00e9sentants des Minist\u00e8res en charge de l\u2019Economie et des Finances, de la Culture, du Commerce et de l\u2019Industrie. <\/span><\/p><p style=\"text-align: justify;\">\u00a0<\/p><p style=\"text-align: justify;\"><b><span style=\"font-family: 'Century Gothic',sans-serif; mso-fareast-font-family: PMingLiU; mso-bidi-font-family: Arial; mso-ansi-language: FR-CI; mso-fareast-language: ZH-TW;\">Quelle est la perception des hommes d\u2019affaires am\u00e9ricains, canadiens et mexicains de la C\u00f4te d\u2019Ivoire\u00a0?<\/span><\/b><\/p><p style=\"text-align: justify;\"><span style=\"font-family: 'Century Gothic',sans-serif; mso-fareast-font-family: PMingLiU; mso-bidi-font-family: Arial; mso-ansi-language: FR-CI; mso-fareast-language: ZH-TW;\">De mani\u00e8re g\u00e9n\u00e9rale, la C\u00f4te d\u2019Ivoire a toujours b\u00e9n\u00e9fici\u00e9 d\u2019une belle image et d\u2019une bonne perception au sein des diff\u00e9rents milieux d\u2019affaires am\u00e9ricains, canadiens et mexicains puisqu\u2019elle <\/span><span lang=\"FR\" style=\"font-family: 'Century Gothic',sans-serif; mso-fareast-font-family: Calibri;\">dispose de nombreux atouts et potentialit\u00e9s qui en font, naturellement, une terre d\u2019opportunit\u00e9s. Les efforts conjugu\u00e9s de Son Excellence Monsieur le Pr\u00e9sident de la R\u00e9publique,<b> Alassane OUATTARA, <\/b>ainsi que ceux de ses diff\u00e9rents Gouvernements ont encore contribu\u00e9, au fil des ann\u00e9es, \u00e0 renforcer et \u00e0 intensifier cette image de marque. <\/span><\/p><p style=\"margin-top: 6.0pt; text-align: justify;\"><span lang=\"FR\" style=\"font-family: 'Century Gothic',sans-serif; mso-bidi-font-family: Arial;\">Pour le Gouvernement, il \u00e9tait important de r\u00e9organiser par une profonde r\u00e9forme la politique nationale de promotion \u00e9conomique ext\u00e9rieure en prenant appui sur les le\u00e7ons et les enseignements r\u00e9sultant des faiblesses et des dysfonctionnements des diff\u00e9rents dispositifs de promotion \u00e9conomique ext\u00e9rieure qui se sont succ\u00e9d\u00e9 depuis l\u2019ind\u00e9pendance. C\u2019est dans ce contexte que sont n\u00e9s les SPEE.<\/span><\/p><p style=\"text-align: justify;\"><span lang=\"FR\" style=\"font-family: 'Century Gothic',sans-serif; mso-fareast-font-family: Calibri;\">Le SPECI-USA que j\u2019ai l\u2019honneur de diriger s\u2019est donc inscrit dans cette logique en s\u2019appropriant les efforts, les hautes instructions et les directives avis\u00e9es de Son Excellence Monsieur le Pr\u00e9sident de la R\u00e9publique<b> <\/b>en vue de consolider la bonne perception de la C\u00f4te d\u2019Ivoire en Am\u00e9rique du Nord et principalement aux Etats-Unis. <\/span><\/p><p style=\"text-align: justify;\"><b><span style=\"font-family: 'Century Gothic',sans-serif; mso-fareast-font-family: PMingLiU; mso-bidi-font-family: Arial; mso-ansi-language: FR-CI; mso-fareast-language: ZH-TW;\">\u00a0<\/span><\/b><\/p><p style=\"text-align: justify;\"><b><span lang=\"FR\" style=\"font-family: 'Century Gothic',sans-serif; mso-bidi-font-family: Arial; color: black;\">Dans les prochaines ann\u00e9es, peut-on s\u2019attendre \u00e0 davantage d\u2019investissements nord-am\u00e9ricains dans le pays\u00a0?<\/span><\/b><\/p><p style=\"text-align: justify;\"><span lang=\"FR\" style=\"font-family: 'Century Gothic',sans-serif; mso-fareast-font-family: Calibri;\">La C\u00f4te d\u2019Ivoire int\u00e9resse fortement les milieux d\u2019affaires am\u00e9ricains qui recherchent de nouvelles sources de croissance et des d\u00e9bouch\u00e9s int\u00e9ressants en Afrique. Je peux donc vous assurer que notre pays constitue d\u00e9sormais une destination d\u2019investissements de choix pour les hommes d\u2019affaires et les entreprises am\u00e9ricaines.<\/span><\/p><p style=\"text-align: justify;\"><span lang=\"FR\" style=\"font-family: 'Century Gothic',sans-serif; mso-fareast-font-family: Calibri;\">En outre, la signature de nombreux accords dans le domaine commercial et celui des investissements depuis l\u2019\u00e9tablissement de leurs relations diplomatiques le 21 novembre 1961 contribue \u00e0 intensifier l\u2019int\u00e9r\u00eat des milieux d\u2019affaires et du Gouvernement de ce pays vis \u00e0 vis de la C\u00f4te d\u2019Ivoire. \u00a0<\/span><span lang=\"FR\" style=\"font-family: 'Century Gothic', sans-serif; color: #101010; letter-spacing: 0.25pt; background-image: initial; background-position: initial; background-size: initial; background-repeat: initial; background-attachment: initial; background-origin: initial; background-clip: initial;\">Ainsi, gr\u00e2ce \u00e0 l\u2019am\u00e9lioration du cadre des affaires, il est enregistr\u00e9 plus d\u2019installation de groupes et entreprises priv\u00e9s am\u00e9ricains en C\u00f4te d\u2019Ivoire ainsi que la tenue d\u2019importantes activit\u00e9s \u00e9conomiques impliquant nos deux pays.\u00a0<\/span><\/p><p style=\"text-align: justify;\"><span lang=\"FR\" style=\"font-family: 'Century Gothic',sans-serif; mso-fareast-font-family: Calibri;\">Cet int\u00e9r\u00eat croissant s\u2019est traduit par l\u2019<\/span><span lang=\"FR\" style=\"font-family: 'Century Gothic',sans-serif; mso-fareast-font-family: Calibri; mso-bidi-font-family: Arial;\">ouverture du si\u00e8ge de l\u2019agence OPIC (Overseas Private Investment Corporation) \u00e0 Abidjan, le 08 janvier 2016, et la signature de l\u2019accord \u00ab Open Skies \u00bb, le 17 ao\u00fbt 2016, issu des n\u00e9gociations entre le D\u00e9partement d\u2019Etat am\u00e9ricain, du Transport et du Commerce et le Gouvernement de C\u00f4te d\u2019Ivoire. <\/span><span lang=\"FR\" style=\"font-family: 'Century Gothic', sans-serif; color: #101010; letter-spacing: 0.25pt; background-image: initial; background-position: initial; background-size: initial; background-repeat: initial; background-attachment: initial; background-origin: initial; background-clip: initial;\">La C\u00f4te d\u2019Ivoire abrite, depuis le 08 janvier 2016, le troisi\u00e8me bureau de l\u2019OPIC en Afrique, apr\u00e8s l\u2019Afrique du Sud et le Kenya. <\/span><span lang=\"FR\" style=\"font-family: 'Century Gothic',sans-serif;\">Cet accord a facilit\u00e9 l\u2019homologation de l\u2019a\u00e9roport international Felix Houphou\u00ebt-Boigny d\u2019Abidjan en vue d\u2019op\u00e9rer des vols directs \u00e0 destination et au d\u00e9part des Etats-Unis. Ces vols qui \u00e9taient effectu\u00e9s par la compagnie a\u00e9rienne Ethopian Airlines ont \u00e9t\u00e9 suspendus en raison de la Covid-19 et devraient reprendre incessamment afin de faciliter le d\u00e9placement des hommes d\u2019affaires entre les deux pays. <\/span><\/p><p style=\"text-align: justify;\"><span lang=\"FR\" style=\"font-family: 'Century Gothic',sans-serif; mso-fareast-font-family: Calibri;\">Du fait de cet engouement pour notre pays, <\/span><span lang=\"FR\" style=\"font-family: 'Century Gothic',sans-serif; mso-fareast-font-family: Calibri; mso-bidi-font-family: Arial;\">les USA repr\u00e9sentent actuellement le 2<sup>e<\/sup> client et le 5<sup>e<\/sup> pays fournisseur de la C\u00f4te d\u2019Ivoire avec respectivement 6,7% et 4 % des \u00e9changes commerciaux.<\/span><\/p><p style=\"text-align: justify;\"><span lang=\"FR\" style=\"font-family: 'Century Gothic',sans-serif; mso-fareast-font-family: Calibri; mso-bidi-font-family: Arial;\">\u00a0<\/span><\/p><p style=\"text-align: justify;\"><b><span style=\"font-family: 'Century Gothic',sans-serif; mso-fareast-font-family: PMingLiU; mso-bidi-font-family: Arial; mso-ansi-language: FR-CI; mso-fareast-language: ZH-TW;\">Quelles sont vos perspectives ?<\/span><\/b><\/p><p style=\"text-align: justify;\"><span style=\"font-family: 'Century Gothic',sans-serif; mso-fareast-font-family: PMingLiU; mso-bidi-font-family: Arial; mso-ansi-language: FR-CI; mso-fareast-language: ZH-TW;\">Le SPECI-USA que j\u2019ai l\u2019insigne honneur de diriger est \u00e0 pied d\u2019\u0153uvre afin d\u2019\u00e9laborer et de soumettre \u00e0 la validation du Minist\u00e8re de l\u2019Economie et des Finances son plan d\u2019actions pour l\u2019ann\u00e9e 2023. Ce plan prospectif de travail qui prend appui sur les exp\u00e9riences, les actions et les initiatives des ann\u00e9es pass\u00e9es, s\u2019inscrit aussi largement dans les priorit\u00e9s gouvernementales d\u00e9finies par le PND 2021-2025.<\/span><\/p><p style=\"text-align: justify;\"><span style=\"font-family: 'Century Gothic',sans-serif; mso-fareast-font-family: PMingLiU; mso-bidi-font-family: Arial; mso-ansi-language: FR-CI; mso-fareast-language: ZH-TW;\">La d\u00e9clinaison de nos actions impliquera, \u00e9galement, de poursuivre et de renforcer nos actions et notre lobbying en direction de toutes les administrations et structures du Gouvernement f\u00e9d\u00e9ral am\u00e9ricain, notamment le Small Business Administration (SBA), et autres, sp\u00e9cialis\u00e9es dans le financement des PME et la fourniture de polices d\u2019assurance aux entreprises d\u00e9sirant exporter \u00e0 l\u2019\u00e9tranger. En effet, ces administrations et organismes pourraient, non seulement, ouvrir des lignes de cr\u00e9dit pour permettre aux PME et autres entreprises ivoiriennes de tirer pleinement profit de l\u2019AGOA afin d\u2019exporter massivement leurs productions aux Etats-Unis, mais aussi, accorder des financements aux entreprises am\u00e9ricaines souhaitant investir en C\u00f4te d\u2019Ivoire.<\/span><\/p><p style=\"text-align: justify;\"><span style=\"font-family: 'Century Gothic',sans-serif; mso-fareast-font-family: PMingLiU; mso-bidi-font-family: Arial; mso-ansi-language: FR-CI; mso-fareast-language: ZH-TW;\">En outre, nos initiatives futures consisteront \u00e0 mettre suffisamment en exergue les atouts physiques et g\u00e9ographiques de la C\u00f4te d\u2019ivoire<\/span><span lang=\"FR\" style=\"font-family: 'Century Gothic',sans-serif; mso-fareast-font-family: Calibri;\"> ainsi que les nombreuses reformes de grande ampleur qui ont am\u00e9lior\u00e9 significativement le climat des affaires du pays<\/span><span style=\"font-family: 'Century Gothic',sans-serif; mso-fareast-font-family: PMingLiU; mso-bidi-font-family: Arial; mso-ansi-language: FR-CI; mso-fareast-language: ZH-TW;\"> en vue de susciter un meilleur int\u00e9r\u00eat et un v\u00e9ritable engouement des milieux d\u2019affaires nord-am\u00e9ricains vis \u00e0 vis de notre pays.<\/span><\/p><p style=\"text-align: justify;\"><span style=\"font-family: 'Century Gothic',sans-serif; mso-fareast-font-family: PMingLiU; mso-bidi-font-family: Arial; mso-ansi-language: FR-CI; mso-fareast-language: ZH-TW;\">Enfin, au titre des manifestations promotionnelles, nous entendons organiser la deuxi\u00e8me \u00e9dition du <\/span><span lang=\"FR\" style=\"font-family: 'Century Gothic',sans-serif;\">forum d\u2019investissements entre la C\u00f4te d\u2019Ivoire et l\u2019Am\u00e9rique du Nord en vue d\u2019accro\u00eetre, intensifier, diversifier nos \u00e9changes et faciliter l\u2019installation des entreprises am\u00e9ricaines en C\u00f4te d\u2019Ivoire, apr\u00e8s avoir tenu la premi\u00e8re \u00e9dition en novembre 2021 \u00e0 Abidjan.<\/span><\/p><p style=\"text-align: justify;\"><span style=\"font-family: 'Century Gothic',sans-serif; mso-fareast-font-family: PMingLiU; mso-bidi-font-family: Arial; mso-ansi-language: FR-CI; mso-fareast-language: ZH-TW;\">Je tiens \u00e0 dire merci au Ministre de l\u2019Economie et des Finances, Monsieur <b>Adama COULIBALY<\/b>, pour son appui et ses orientations strat\u00e9giques. J\u2019aimerais \u00e9galement traduire ma gratitude au Directeur G\u00e9n\u00e9ral de l\u2019Economie, <b>Dr SAIN Ogui\u00e9<\/b>. Gr\u00e2ce \u00e0 ces hautes personnalit\u00e9s, nous menons \u00e0 bien nos missions.<\/span><\/p><p style=\"text-align: justify;\"><span style=\"font-family: 'Century Gothic',sans-serif; mso-fareast-font-family: PMingLiU; mso-bidi-font-family: Arial; mso-ansi-language: FR-CI; mso-fareast-language: ZH-TW;\">\u00a0<\/span><\/p><p style=\"text-align: justify;\"><b><span style=\"font-family: 'Century Gothic',sans-serif; mso-fareast-font-family: PMingLiU; mso-bidi-font-family: Arial; mso-ansi-language: FR-CI; mso-fareast-language: ZH-TW;\">SERVICE DE LA COMMUNICATION ET DE LA DOCUMENTATION <\/span><\/b><\/p><p>\u00a0<\/p><p style=\"text-align: justify;\"><span style=\"font-family: 'Century Gothic',sans-serif; mso-fareast-font-family: PMingLiU; mso-bidi-font-family: Arial; mso-ansi-language: FR-CI; mso-fareast-language: ZH-TW;\">\u00a0<\/span><\/p>\t\t\t\t\t\t<\/div>\n\t\t\t\t<\/div>\n\t\t\t\t\t<\/div>\n\t\t<\/div>\n\t\t\t\t\t<\/div>\n\t\t<\/section>\n\t\t\t\t<\/div>","protected":false},"excerpt":{"rendered":"<p>\u00ab&nbsp;LA COTE D\u2019IVOIRE INTERESSE FORTEMENT LES MILIEUX D\u2019AFFAIRES AMERICAINS&nbsp;\u00bb SEM. Inza CAMARA, D\u00e9l\u00e9gu\u00e9 G\u00e9n\u00e9ral du Service de Promotion \u00c9conomique Ext\u00e9rieure (SPEE) de la C\u00f4te d\u2019Ivoire aux Etats-Unis, Canada et Mexique. \u00ab&nbsp;La C\u00f4te d\u2019Ivoire int\u00e9resse fortement les milieux d\u2019affaires am\u00e9ricains&nbsp;\u00bb Dans cet entretien, ce haut responsable ivoirien fait le bilan des 10 ans d\u2019activit\u00e9s du service [&hellip;]<\/p>","protected":false},"author":1,"featured_media":1229,"comment_status":"closed","ping_status":"closed","sticky":false,"template":"","format":"standard","meta":{"footnotes":""},"categories":[3],"tags":[],"_links":{"self":[{"href":"https:\/\/www.speciamerica.org\/fr\/wp-json\/wp\/v2\/posts\/1227"}],"collection":[{"href":"https:\/\/www.speciamerica.org\/fr\/wp-json\/wp\/v2\/posts"}],"about":[{"href":"https:\/\/www.speciamerica.org\/fr\/wp-json\/wp\/v2\/types\/post"}],"author":[{"embeddable":true,"href":"https:\/\/www.speciamerica.org\/fr\/wp-json\/wp\/v2\/users\/1"}],"replies":[{"embeddable":true,"href":"https:\/\/www.speciamerica.org\/fr\/wp-json\/wp\/v2\/comments?post=1227"}],"version-history":[{"count":5,"href":"https:\/\/www.speciamerica.org\/fr\/wp-json\/wp\/v2\/posts\/1227\/revisions"}],"predecessor-version":[{"id":1233,"href":"https:\/\/www.speciamerica.org\/fr\/wp-json\/wp\/v2\/posts\/1227\/revisions\/1233"}],"wp:featuredmedia":[{"embeddable":true,"href":"https:\/\/www.speciamerica.org\/fr\/wp-json\/wp\/v2\/media\/1229"}],"wp:attachment":[{"href":"https:\/\/www.speciamerica.org\/fr\/wp-json\/wp\/v2\/media?parent=1227"}],"wp:term":[{"taxonomy":"category","embeddable":true,"href":"https:\/\/www.speciamerica.org\/fr\/wp-json\/wp\/v2\/categories?post=1227"},{"taxonomy":"post_tag","embeddable":true,"href":"https:\/\/www.speciamerica.org\/fr\/wp-json\/wp\/v2\/tags?post=1227"}],"curies":[{"name":"wp","href":"https:\/\/api.w.org\/{rel}","templated":true}]}}